{"id":99977,"date":"2022-10-22T07:30:11","date_gmt":"2022-10-22T07:30:11","guid":{"rendered":"https:\/\/ffbraunau.at\/wordpress\/?p=99977"},"modified":"2022-10-22T07:44:46","modified_gmt":"2022-10-22T07:44:46","slug":"neue-einsatzzentrale","status":"publish","type":"post","link":"https:\/\/ffbraunau.at\/wordpress\/?p=99977","title":{"rendered":"Neue Einsatzzentrale"},"content":{"rendered":"<div class=\"flex_column av_one_full  flex_column_div av-zero-column-padding first  \" style='border-radius:0px; '><p><section class=\"av_textblock_section \" ><div class='avia_textblock  '  ><p>Um auch den zuk\u00fcnftigen Anforderungen gerecht zu werden und eine moderne Einsatzf\u00fchrung, sowie Einsatzunterst\u00fctzung zu gew\u00e4hrleisten, wurde im Jahr 2021 die Modernisierung der Zentrale beschlossen.<\/p>\n<p>Eine Projektgruppe bestehend aus 8 Mitgliedern eruierte den k\u00fcnftigen Bedarf, sowie die technischen Voraussetzungen, welche notwendig sein w\u00fcrden. Im September 2022 wurden entsprechende Ma\u00dfnahmen gesetzt und die Einsatzzentrale auf den neuesten Stand der Technik gebracht.<\/p>\n<p>Die technische Ausr\u00fcstung beinhaltet unter anderem die folgenden Modernisierungen:<\/p>\n<p>&#8211; Zwei idente Arbeitspl\u00e4tze, zur Disposition von Eins\u00e4tzen<br \/>\n&#8211; Lagedarstellung, sowie Nachbearbeitung der Lage auf mobilem Smartboard<br \/>\n&#8211; Unterst\u00fctzung der Einsatzleitung durch synchronisierte Daten auf PC\u00b4s und Tablets<br \/>\n&#8211; Neue Hausruf-Anlage mit Radio- und Funkaufschaltung<\/p>\n<p>Zudem wurden ein neuer Boden verlegt, die W\u00e4nde und die Decke gestrichen, sowie neue Raffstores montiert.<\/p>\n<p>Unser Dank gilt allen Unterst\u00fctzern, welche sich f\u00fcr das Projekt sowohl finanziell, wie auch durch Arbeitsleistungen eingebracht und es dadurch erm\u00f6glicht haben!<\/p>\n<p>Text, Fotos &amp; Video: Feuerwehr Braunau<\/p>\n<\/div><\/section><br \/>\n<div  class='avia-video avia-video-16-9   ' ><div class='avia-iframe-wrap'><iframe loading=\"lazy\" title=\"Modernisierung Zentrale (Oktober 2022)\" width=\"1500\" height=\"844\" src=\"https:\/\/www.youtube.com\/embed\/sj8MGzr8904?feature=oembed\" frameborder=\"0\" allow=\"accelerometer; autoplay; clipboard-write; encrypted-media; gyroscope; picture-in-picture\" allowfullscreen><\/iframe><\/div><\/div><\/p><\/div>\n","protected":false},"excerpt":{"rendered":"","protected":false},"author":3,"featured_media":99982,"comment_status":"closed","ping_status":"open","sticky":false,"template":"","format":"standard","meta":{"footnotes":"","_links_to":"","_links_to_target":""},"categories":[283],"tags":[],"class_list":["post-99977","post","type-post","status-publish","format-standard","has-post-thumbnail","hentry","category-berichte-2022"],"_links":{"self":[{"href":"https:\/\/ffbraunau.at\/wordpress\/index.php?rest_route=\/wp\/v2\/posts\/99977","targetHints":{"allow":["GET"]}}],"collection":[{"href":"https:\/\/ffbraunau.at\/wordpress\/index.php?rest_route=\/wp\/v2\/posts"}],"about":[{"href":"https:\/\/ffbraunau.at\/wordpress\/index.php?rest_route=\/wp\/v2\/types\/post"}],"author":[{"embeddable":true,"href":"https:\/\/ffbraunau.at\/wordpress\/index.php?rest_route=\/wp\/v2\/users\/3"}],"replies":[{"embeddable":true,"href":"https:\/\/ffbraunau.at\/wordpress\/index.php?rest_route=%2Fwp%2Fv2%2Fcomments&post=99977"}],"version-history":[{"count":5,"href":"https:\/\/ffbraunau.at\/wordpress\/index.php?rest_route=\/wp\/v2\/posts\/99977\/revisions"}],"predecessor-version":[{"id":99983,"href":"https:\/\/ffbraunau.at\/wordpress\/index.php?rest_route=\/wp\/v2\/posts\/99977\/revisions\/99983"}],"wp:featuredmedia":[{"embeddable":true,"href":"https:\/\/ffbraunau.at\/wordpress\/index.php?rest_route=\/wp\/v2\/media\/99982"}],"wp:attachment":[{"href":"https:\/\/ffbraunau.at\/wordpress\/index.php?rest_route=%2Fwp%2Fv2%2Fmedia&parent=99977"}],"wp:term":[{"taxonomy":"category","embeddable":true,"href":"https:\/\/ffbraunau.at\/wordpress\/index.php?rest_route=%2Fwp%2Fv2%2Fcategories&post=99977"},{"taxonomy":"post_tag","embeddable":true,"href":"https:\/\/ffbraunau.at\/wordpress\/index.php?rest_route=%2Fwp%2Fv2%2Ftags&post=99977"}],"curies":[{"name":"wp","href":"https:\/\/api.w.org\/{rel}","templated":true}]}}