{"id":99899,"date":"2022-10-17T16:05:23","date_gmt":"2022-10-17T16:05:23","guid":{"rendered":"https:\/\/ffbraunau.at\/wordpress\/?p=99899"},"modified":"2022-10-17T16:11:49","modified_gmt":"2022-10-17T16:11:49","slug":"80-geburtstag-von-kamerad-fritz-petermaier","status":"publish","type":"post","link":"https:\/\/ffbraunau.at\/wordpress\/?p=99899","title":{"rendered":"80. Geburtstag von Kamerad Fritz Petermaier"},"content":{"rendered":"<div class=\"flex_column av_one_full  flex_column_div av-zero-column-padding first  \" style='border-radius:0px; '><section class=\"av_textblock_section \" ><div class='avia_textblock  '  ><section class=\"av_textblock_section \">\n<div class=\"avia_textblock \">\n<p>Am 16.10.2022 traf sich eine kleine Abordnung mit unserem Kameraden <strong>Fritz Petermaier<\/strong>\u00a0und \u00fcberbrachten Gl\u00fcckw\u00fcnsche, sowie eine Kleinigkeit zum Geburtstag. Die Kameradinnen und Kameraden der Feuerwehr Braunau gratulieren recht herzlich zum <strong>80. Geburtstag<\/strong>!<\/p>\n<\/div>\n<\/section>\n<\/div><\/section><br \/>\n<div  data-size='no scaling'  data-lightbox_size='large'  data-animation='slide'  data-ids='99903'  data-video_counter='0'  data-autoplay='false'  data-bg_slider='false'  data-slide_height=''  data-handle='av_slideshow'  data-interval='5'  data-class=' '  data-css_id=''  data-scroll_down=''  data-control_layout='av-control-default'  data-custom_markup=''  data-perma_caption=''  data-autoplay_stopper=''  data-image_attachment=''  data-min_height='0px'  class='avia-slideshow avia-slideshow-1  av-control-default av-default-height-applied avia-slideshow-no scaling av_slideshow   avia-slide-slider ' ><ul class='avia-slideshow-inner' style='padding-bottom: 100%;'><li  class=' av-single-slide slide-1 ' ><div data-rel='slideshow-1' class='avia-slide-wrap'  ><img src='https:\/\/ffbraunau.at\/wordpress\/wp-content\/uploads\/2022\/10\/Peterm_b.jpg' width='768' height='768' title='Peterm_b' alt=''   \/><\/div><\/li><\/ul><\/div><\/p><\/div>\n","protected":false},"excerpt":{"rendered":"","protected":false},"author":3,"featured_media":99903,"comment_status":"closed","ping_status":"open","sticky":false,"template":"","format":"standard","meta":{"footnotes":"","_links_to":"","_links_to_target":""},"categories":[283],"tags":[],"class_list":["post-99899","post","type-post","status-publish","format-standard","has-post-thumbnail","hentry","category-berichte-2022"],"_links":{"self":[{"href":"https:\/\/ffbraunau.at\/wordpress\/index.php?rest_route=\/wp\/v2\/posts\/99899","targetHints":{"allow":["GET"]}}],"collection":[{"href":"https:\/\/ffbraunau.at\/wordpress\/index.php?rest_route=\/wp\/v2\/posts"}],"about":[{"href":"https:\/\/ffbraunau.at\/wordpress\/index.php?rest_route=\/wp\/v2\/types\/post"}],"author":[{"embeddable":true,"href":"https:\/\/ffbraunau.at\/wordpress\/index.php?rest_route=\/wp\/v2\/users\/3"}],"replies":[{"embeddable":true,"href":"https:\/\/ffbraunau.at\/wordpress\/index.php?rest_route=%2Fwp%2Fv2%2Fcomments&post=99899"}],"version-history":[{"count":4,"href":"https:\/\/ffbraunau.at\/wordpress\/index.php?rest_route=\/wp\/v2\/posts\/99899\/revisions"}],"predecessor-version":[{"id":99904,"href":"https:\/\/ffbraunau.at\/wordpress\/index.php?rest_route=\/wp\/v2\/posts\/99899\/revisions\/99904"}],"wp:featuredmedia":[{"embeddable":true,"href":"https:\/\/ffbraunau.at\/wordpress\/index.php?rest_route=\/wp\/v2\/media\/99903"}],"wp:attachment":[{"href":"https:\/\/ffbraunau.at\/wordpress\/index.php?rest_route=%2Fwp%2Fv2%2Fmedia&parent=99899"}],"wp:term":[{"taxonomy":"category","embeddable":true,"href":"https:\/\/ffbraunau.at\/wordpress\/index.php?rest_route=%2Fwp%2Fv2%2Fcategories&post=99899"},{"taxonomy":"post_tag","embeddable":true,"href":"https:\/\/ffbraunau.at\/wordpress\/index.php?rest_route=%2Fwp%2Fv2%2Ftags&post=99899"}],"curies":[{"name":"wp","href":"https:\/\/api.w.org\/{rel}","templated":true}]}}