{"id":98754,"date":"2022-04-02T11:12:32","date_gmt":"2022-04-02T11:12:32","guid":{"rendered":"https:\/\/ffbraunau.at\/wordpress\/?p=98754"},"modified":"2022-04-02T12:31:49","modified_gmt":"2022-04-02T12:31:49","slug":"156-jahresvollversammlung-der-feuerwehr-braunau","status":"publish","type":"post","link":"https:\/\/ffbraunau.at\/wordpress\/?p=98754","title":{"rendered":"156. Jahresvollversammlung der Feuerwehr Braunau"},"content":{"rendered":"<div class=\"flex_column av_one_full  flex_column_div av-zero-column-padding first  \" style='border-radius:0px; '><p><section class=\"av_textblock_section \" ><div class='avia_textblock  '  ><p><strong>Beachtenswerter R\u00fcckblick auf die vergangenen zwei Jahre (2020 und 2021)\u00a0<\/strong><\/p>\n<p>Die letzte Jahresvollversammlung der Feuerwehr Braunau fand am 07.02.2020 im Veranstaltungszentrum statt. Bei dieser Veranstaltung blickte man auf ein ereignisreiches Jahr 2019 zur\u00fcck. Seit dem darauf folgenden M\u00e4rz 2020 beeinflusst die Corona-Pandemie so ziemlich Alles und Jeden. Auch Jahresvollversammlungen bei Feuerwehren konnten nicht stattfinden.<\/p>\n<p>Am Freitag, den 01.04.2022 wurde &#8211; nach einer Zwangspause &#8211; die 156. Jahresvollversammlung abgehalten. Zahlreiche Ehreng\u00e4ste, Unterst\u00fctzer, Freunde und Feuerwehrmitglieder folgten der Einladung.<\/p>\n<p>Kommandant ABI Klaus Litzlbauer er\u00f6ffnete die Jahresvollversammlung und gab in seinem Bericht einen Einblick, was die Feuerwehr Braunau in den vergangenen Monaten besch\u00e4ftigte, sowie einen Ausblick in die Zukunft.<\/p>\n<\/div><\/section><br \/>\n<div  data-size='no scaling'  data-lightbox_size='large'  data-animation='slide'  data-ids='98740,98739,98741'  data-video_counter='0'  data-autoplay='false'  data-bg_slider='false'  data-slide_height=''  data-handle='av_slideshow'  data-interval='5'  data-class=' '  data-css_id=''  data-scroll_down=''  data-control_layout='av-control-default'  data-custom_markup=''  data-perma_caption=''  data-autoplay_stopper=''  data-image_attachment=''  data-min_height='0px'  class='avia-slideshow avia-slideshow-1  av-control-default av-default-height-applied avia-slideshow-no scaling av_slideshow   avia-slide-slider ' ><ul class='avia-slideshow-inner' style='padding-bottom: 66.65%;'><li  class=' slide-1 ' ><div data-rel='slideshow-1' class='avia-slide-wrap'  ><img src='https:\/\/ffbraunau.at\/wordpress\/wp-content\/uploads\/2022\/04\/IMG_7262.jpg' width='2000' height='1333' title='IMG_7262' alt=''   \/><\/div><\/li><li  class=' slide-2 ' ><div data-rel='slideshow-1' class='avia-slide-wrap'  ><img src='https:\/\/ffbraunau.at\/wordpress\/wp-content\/uploads\/2022\/04\/IMG_7254.jpg' width='2000' height='1333' title='IMG_7254' alt=''   \/><\/div><\/li><li  class=' slide-3 ' ><div data-rel='slideshow-1' class='avia-slide-wrap'  ><img src='https:\/\/ffbraunau.at\/wordpress\/wp-content\/uploads\/2022\/04\/IMG_7265.jpg' width='2000' height='1333' title='IMG_7265' alt=''   \/><\/div><\/li><\/ul><div class='avia-slideshow-arrows avia-slideshow-controls'><a href='#prev' class='prev-slide' aria-hidden='true' data-av_icon='\ue87c' data-av_iconfont='entypo-fontello'>Zur\u00fcck<\/a><a href='#next' class='next-slide' aria-hidden='true' data-av_icon='\ue87d' data-av_iconfont='entypo-fontello'>Weiter<\/a><\/div><div class='avia-slideshow-dots avia-slideshow-controls'><a href='#1' class='goto-slide active' >1<\/a><a href='#2' class='goto-slide ' >2<\/a><a href='#3' class='goto-slide ' >3<\/a><\/div><\/div><br \/>\n<section class=\"av_textblock_section \" ><div class='avia_textblock  '  ><p>\u201eBei 421 Eins\u00e4tzen konnten die 113 Mitglieder der Feuerwehr Braunau 32 Menschen, 13 Tiere und Sachwerte um gesch\u00e4tzte 35 Millionen Euro retten\u201c berichtete Schriftf\u00fchrer Dominik Wilhelm.<\/p>\n<p>Die Kameradinnen und Kameraden der Feuerwehr Braunau leisteten rund 18.100 Stunden freiwillig und unentgeltlich zum Wohle der Bev\u00f6lkerung der Stadt Braunau. Neben 344 Alarmierungen zu technischen Eins\u00e4tzen wurden die Einsatzkr\u00e4fte auch zu 77 Brandeins\u00e4tzen gerufen.<\/p>\n<\/div><\/section><br \/>\n<div  data-size='no scaling'  data-lightbox_size='large'  data-animation='slide'  data-ids='98743'  data-video_counter='0'  data-autoplay='false'  data-bg_slider='false'  data-slide_height=''  data-handle='av_slideshow'  data-interval='5'  data-class=' '  data-css_id=''  data-scroll_down=''  data-control_layout='av-control-default'  data-custom_markup=''  data-perma_caption=''  data-autoplay_stopper=''  data-image_attachment=''  data-min_height='0px'  class='avia-slideshow avia-slideshow-2  av-control-default av-default-height-applied avia-slideshow-no scaling av_slideshow   avia-slide-slider ' ><ul class='avia-slideshow-inner' style='padding-bottom: 66.65%;'><li  class=' av-single-slide slide-1 ' ><div data-rel='slideshow-2' class='avia-slide-wrap'  ><img src='https:\/\/ffbraunau.at\/wordpress\/wp-content\/uploads\/2022\/04\/IMG_7277.jpg' width='2000' height='1333' title='IMG_7277' alt=''   \/><\/div><\/li><\/ul><\/div><br \/>\n<section class=\"av_textblock_section \" ><div class='avia_textblock  '  ><p>In 2 Interview-Runden gaben die Mitglieder vom erweiterten Kommando einen Einblick in deren Fachbereiche.<\/p>\n<\/div><\/section><br \/>\n<div  data-size='no scaling'  data-lightbox_size='large'  data-animation='slide'  data-ids='98744,98745'  data-video_counter='0'  data-autoplay='false'  data-bg_slider='false'  data-slide_height=''  data-handle='av_slideshow'  data-interval='5'  data-class=' '  data-css_id=''  data-scroll_down=''  data-control_layout='av-control-default'  data-custom_markup=''  data-perma_caption=''  data-autoplay_stopper=''  data-image_attachment=''  data-min_height='0px'  class='avia-slideshow avia-slideshow-3  av-control-default av-default-height-applied avia-slideshow-no scaling av_slideshow   avia-slide-slider ' ><ul class='avia-slideshow-inner' style='padding-bottom: 66.65%;'><li  class=' slide-1 ' ><div data-rel='slideshow-3' class='avia-slide-wrap'  ><img src='https:\/\/ffbraunau.at\/wordpress\/wp-content\/uploads\/2022\/04\/IMG_7285.jpg' width='2000' height='1333' title='IMG_7285' alt=''   \/><\/div><\/li><li  class=' slide-2 ' ><div data-rel='slideshow-3' class='avia-slide-wrap'  ><img src='https:\/\/ffbraunau.at\/wordpress\/wp-content\/uploads\/2022\/04\/IMG_7296.jpg' width='2000' height='1333' title='IMG_7296' alt=''   \/><\/div><\/li><\/ul><div class='avia-slideshow-arrows avia-slideshow-controls'><a href='#prev' class='prev-slide' aria-hidden='true' data-av_icon='\ue87c' data-av_iconfont='entypo-fontello'>Zur\u00fcck<\/a><a href='#next' class='next-slide' aria-hidden='true' data-av_icon='\ue87d' data-av_iconfont='entypo-fontello'>Weiter<\/a><\/div><div class='avia-slideshow-dots avia-slideshow-controls'><a href='#1' class='goto-slide active' >1<\/a><a href='#2' class='goto-slide ' >2<\/a><\/div><\/div><br \/>\n<section class=\"av_textblock_section \" ><div class='avia_textblock  '  ><p>Auch Angelobungen, Bef\u00f6rderungen, Ernennungen, Ehrungen und Auszeichnungen standen am Programm.<\/p>\n<p><strong>Angelobungen:<\/strong><\/p>\n<p>F\u00fcr die Jugendgruppe wurden Lukas Daichendt, Michelle Dobler, Tamia Kaser und Fabian Starzengruber angelobt.<\/p>\n<\/div><\/section><br \/>\n<div  data-size='no scaling'  data-lightbox_size='large'  data-animation='slide'  data-ids='98746'  data-video_counter='0'  data-autoplay='false'  data-bg_slider='false'  data-slide_height=''  data-handle='av_slideshow'  data-interval='5'  data-class=' '  data-css_id=''  data-scroll_down=''  data-control_layout='av-control-default'  data-custom_markup=''  data-perma_caption=''  data-autoplay_stopper=''  data-image_attachment=''  data-min_height='0px'  class='avia-slideshow avia-slideshow-4  av-control-default av-default-height-applied avia-slideshow-no scaling av_slideshow   avia-slide-slider ' ><ul class='avia-slideshow-inner' style='padding-bottom: 66.65%;'><li  class=' av-single-slide slide-1 ' ><div data-rel='slideshow-4' class='avia-slide-wrap'  ><img src='https:\/\/ffbraunau.at\/wordpress\/wp-content\/uploads\/2022\/04\/IMG_7300.jpg' width='2000' height='1333' title='IMG_7300' alt=''   \/><\/div><\/li><\/ul><\/div><br \/>\n<section class=\"av_textblock_section \" ><div class='avia_textblock  '  ><p>In den Aktivstand wurden Benedikt Berschl, Daniel K\u00e4mmerer, Marlon Ortner, Lukas Rembart, Stefan Sauerlachner, Florian Treiblmaier und Hanna Treiblmaier\u00a0angelobt.<\/p>\n<\/div><\/section><br \/>\n<div  data-size='no scaling'  data-lightbox_size='large'  data-animation='slide'  data-ids='98747,98748'  data-video_counter='0'  data-autoplay='false'  data-bg_slider='false'  data-slide_height=''  data-handle='av_slideshow'  data-interval='5'  data-class=' '  data-css_id=''  data-scroll_down=''  data-control_layout='av-control-default'  data-custom_markup=''  data-perma_caption=''  data-autoplay_stopper=''  data-image_attachment=''  data-min_height='0px'  class='avia-slideshow avia-slideshow-5  av-control-default av-default-height-applied avia-slideshow-no scaling av_slideshow   avia-slide-slider ' ><ul class='avia-slideshow-inner' style='padding-bottom: 66.65%;'><li  class=' slide-1 ' ><div data-rel='slideshow-5' class='avia-slide-wrap'  ><img src='https:\/\/ffbraunau.at\/wordpress\/wp-content\/uploads\/2022\/04\/IMG_7305.jpg' width='2000' height='1333' title='IMG_7305' alt=''   \/><\/div><\/li><li  class=' slide-2 ' ><div data-rel='slideshow-5' class='avia-slide-wrap'  ><img src='https:\/\/ffbraunau.at\/wordpress\/wp-content\/uploads\/2022\/04\/IMG_7310.jpg' width='2000' height='1333' title='IMG_7310' alt=''   \/><\/div><\/li><\/ul><div class='avia-slideshow-arrows avia-slideshow-controls'><a href='#prev' class='prev-slide' aria-hidden='true' data-av_icon='\ue87c' data-av_iconfont='entypo-fontello'>Zur\u00fcck<\/a><a href='#next' class='next-slide' aria-hidden='true' data-av_icon='\ue87d' data-av_iconfont='entypo-fontello'>Weiter<\/a><\/div><div class='avia-slideshow-dots avia-slideshow-controls'><a href='#1' class='goto-slide active' >1<\/a><a href='#2' class='goto-slide ' >2<\/a><\/div><\/div><br \/>\n<section class=\"av_textblock_section \" ><div class='avia_textblock  '  ><p><strong>Ernennungen:<\/strong><\/p>\n<p>Harald Gr\u00f6mer und Rolf Grundbuchner wurden zu Gruppenkommandaten ernannt.<\/p>\n<\/div><\/section><br \/>\n<div  data-size='no scaling'  data-lightbox_size='large'  data-animation='slide'  data-ids='98749'  data-video_counter='0'  data-autoplay='false'  data-bg_slider='false'  data-slide_height=''  data-handle='av_slideshow'  data-interval='5'  data-class=' '  data-css_id=''  data-scroll_down=''  data-control_layout='av-control-default'  data-custom_markup=''  data-perma_caption=''  data-autoplay_stopper=''  data-image_attachment=''  data-min_height='0px'  class='avia-slideshow avia-slideshow-6  av-control-default av-default-height-applied avia-slideshow-no scaling av_slideshow   avia-slide-slider ' ><ul class='avia-slideshow-inner' style='padding-bottom: 66.65%;'><li  class=' av-single-slide slide-1 ' ><div data-rel='slideshow-6' class='avia-slide-wrap'  ><img src='https:\/\/ffbraunau.at\/wordpress\/wp-content\/uploads\/2022\/04\/IMG_7319.jpg' width='2000' height='1333' title='IMG_7319' alt=''   \/><\/div><\/li><\/ul><\/div><br \/>\n<section class=\"av_textblock_section \" ><div class='avia_textblock  '  ><p><strong>Ehrungen:<\/strong><\/p>\n<p>Die Feuerwehr-Bezirksmedaille der Stufe II. in Silber erhielten Dominik Dorfner, J\u00fcrgen K\u00f6sters und Ralph M\u00fchlbauer.<\/p>\n<p>F\u00fcr 25 Jahre Feuerwehrdienst wurden Sven Grabner und Michael Lindner geehrt.<\/p>\n<p>Zum \u201eFeuerwehrler des Jahres\u201c wurden Gabriel Wong und Alexander Kogler gew\u00e4hlt.<\/p>\n<\/div><\/section><br \/>\n<div  data-size='no scaling'  data-lightbox_size='large'  data-animation='slide'  data-ids='98750,98759'  data-video_counter='0'  data-autoplay='false'  data-bg_slider='false'  data-slide_height=''  data-handle='av_slideshow'  data-interval='5'  data-class=' '  data-css_id=''  data-scroll_down=''  data-control_layout='av-control-default'  data-custom_markup=''  data-perma_caption=''  data-autoplay_stopper=''  data-image_attachment=''  data-min_height='0px'  class='avia-slideshow avia-slideshow-7  av-control-default av-default-height-applied avia-slideshow-no scaling av_slideshow   avia-slide-slider ' ><ul class='avia-slideshow-inner' style='padding-bottom: 66.65%;'><li  class=' slide-1 ' ><div data-rel='slideshow-7' class='avia-slide-wrap'  ><img src='https:\/\/ffbraunau.at\/wordpress\/wp-content\/uploads\/2022\/04\/IMG_7333.jpg' width='2000' height='1333' title='IMG_7333' alt=''   \/><\/div><\/li><li  class=' slide-2 ' ><div data-rel='slideshow-7' class='avia-slide-wrap'  ><img src='https:\/\/ffbraunau.at\/wordpress\/wp-content\/uploads\/2022\/04\/IMG_7344.jpg' width='2000' height='1333' title='IMG_7344' alt=''   \/><\/div><\/li><\/ul><div class='avia-slideshow-arrows avia-slideshow-controls'><a href='#prev' class='prev-slide' aria-hidden='true' data-av_icon='\ue87c' data-av_iconfont='entypo-fontello'>Zur\u00fcck<\/a><a href='#next' class='next-slide' aria-hidden='true' data-av_icon='\ue87d' data-av_iconfont='entypo-fontello'>Weiter<\/a><\/div><div class='avia-slideshow-dots avia-slideshow-controls'><a href='#1' class='goto-slide active' >1<\/a><a href='#2' class='goto-slide ' >2<\/a><\/div><\/div><br \/>\n<section class=\"av_textblock_section \" ><div class='avia_textblock  '  ><p><strong>Bef\u00f6rderungen:<\/strong><\/p>\n<p>Zum Oberfeuerwehrmann wurden bef\u00f6rdert:<br \/>\nFlorian Br\u00fcnner, Julia Fink, Lilly Fink, Rolf Grundbuchner, Sylvia Krauzer, Jonas Krauzer, Michael Lindhuber, Leon Praher, Luca Praher, Laura Schmidinger und Alexander Spindler<\/p>\n<p>Zum Hauptfeuerwehrmann wurden bef\u00f6rdert:<br \/>\nHarald Gr\u00f6mer, Anna Hill, Kurt Hurab und Alexander Kogler<\/p>\n<p>Zum L\u00f6schmeister wurden bef\u00f6rdert:<br \/>\nChristoph Mayer und Sebastian Schmid<\/p>\n<p>Zum Hauptl\u00f6schmeister wurde bef\u00f6rdert:<br \/>\nSven Grabner<\/p>\n<p><strong>Ansprachen der Ehreng\u00e4ste:<\/strong><\/p>\n<p>Nach den Kurzreferaten der Ehreng\u00e4ste wurde der offizielle Teil der 156. Jahresvollversammlung beendet.<\/p>\n<\/div><\/section><br \/>\n<div  data-size='no scaling'  data-lightbox_size='large'  data-animation='slide'  data-ids='98752,98751'  data-video_counter='0'  data-autoplay='false'  data-bg_slider='false'  data-slide_height=''  data-handle='av_slideshow'  data-interval='5'  data-class=' '  data-css_id=''  data-scroll_down=''  data-control_layout='av-control-default'  data-custom_markup=''  data-perma_caption=''  data-autoplay_stopper=''  data-image_attachment=''  data-min_height='0px'  class='avia-slideshow avia-slideshow-8  av-control-default av-default-height-applied avia-slideshow-no scaling av_slideshow   avia-slide-slider ' ><ul class='avia-slideshow-inner' style='padding-bottom: 66.65%;'><li  class=' slide-1 ' ><div data-rel='slideshow-8' class='avia-slide-wrap'  ><img src='https:\/\/ffbraunau.at\/wordpress\/wp-content\/uploads\/2022\/04\/IMG_7339.jpg' width='2000' height='1333' title='IMG_7339' alt=''   \/><\/div><\/li><li  class=' slide-2 ' ><div data-rel='slideshow-8' class='avia-slide-wrap'  ><img src='https:\/\/ffbraunau.at\/wordpress\/wp-content\/uploads\/2022\/04\/IMG_7334.jpg' width='2000' height='1333' title='IMG_7334' alt=''   \/><\/div><\/li><\/ul><div class='avia-slideshow-arrows avia-slideshow-controls'><a href='#prev' class='prev-slide' aria-hidden='true' data-av_icon='\ue87c' data-av_iconfont='entypo-fontello'>Zur\u00fcck<\/a><a href='#next' class='next-slide' aria-hidden='true' data-av_icon='\ue87d' data-av_iconfont='entypo-fontello'>Weiter<\/a><\/div><div class='avia-slideshow-dots avia-slideshow-controls'><a href='#1' class='goto-slide active' >1<\/a><a href='#2' class='goto-slide ' >2<\/a><\/div><\/div><\/p><\/div>\n","protected":false},"excerpt":{"rendered":"","protected":false},"author":3,"featured_media":98740,"comment_status":"closed","ping_status":"open","sticky":false,"template":"","format":"standard","meta":{"footnotes":"","_links_to":"","_links_to_target":""},"categories":[283],"tags":[],"class_list":["post-98754","post","type-post","status-publish","format-standard","has-post-thumbnail","hentry","category-berichte-2022"],"_links":{"self":[{"href":"https:\/\/ffbraunau.at\/wordpress\/index.php?rest_route=\/wp\/v2\/posts\/98754","targetHints":{"allow":["GET"]}}],"collection":[{"href":"https:\/\/ffbraunau.at\/wordpress\/index.php?rest_route=\/wp\/v2\/posts"}],"about":[{"href":"https:\/\/ffbraunau.at\/wordpress\/index.php?rest_route=\/wp\/v2\/types\/post"}],"author":[{"embeddable":true,"href":"https:\/\/ffbraunau.at\/wordpress\/index.php?rest_route=\/wp\/v2\/users\/3"}],"replies":[{"embeddable":true,"href":"https:\/\/ffbraunau.at\/wordpress\/index.php?rest_route=%2Fwp%2Fv2%2Fcomments&post=98754"}],"version-history":[{"count":11,"href":"https:\/\/ffbraunau.at\/wordpress\/index.php?rest_route=\/wp\/v2\/posts\/98754\/revisions"}],"predecessor-version":[{"id":98767,"href":"https:\/\/ffbraunau.at\/wordpress\/index.php?rest_route=\/wp\/v2\/posts\/98754\/revisions\/98767"}],"wp:featuredmedia":[{"embeddable":true,"href":"https:\/\/ffbraunau.at\/wordpress\/index.php?rest_route=\/wp\/v2\/media\/98740"}],"wp:attachment":[{"href":"https:\/\/ffbraunau.at\/wordpress\/index.php?rest_route=%2Fwp%2Fv2%2Fmedia&parent=98754"}],"wp:term":[{"taxonomy":"category","embeddable":true,"href":"https:\/\/ffbraunau.at\/wordpress\/index.php?rest_route=%2Fwp%2Fv2%2Fcategories&post=98754"},{"taxonomy":"post_tag","embeddable":true,"href":"https:\/\/ffbraunau.at\/wordpress\/index.php?rest_route=%2Fwp%2Fv2%2Ftags&post=98754"}],"curies":[{"name":"wp","href":"https:\/\/api.w.org\/{rel}","templated":true}]}}