{"id":94492,"date":"2021-11-01T09:32:49","date_gmt":"2021-11-01T09:32:49","guid":{"rendered":"https:\/\/ffbraunau.at\/wordpress\/?p=94492"},"modified":"2021-11-01T10:02:01","modified_gmt":"2021-11-01T10:02:01","slug":"30-10-2021-unterstuetzung-bei-waldbrand-in-noe","status":"publish","type":"post","link":"https:\/\/ffbraunau.at\/wordpress\/?p=94492","title":{"rendered":"30.10.2021: Unterst\u00fctzung bei Waldbrand in N\u00d6"},"content":{"rendered":"<div class=\"flex_column av_one_full  flex_column_div av-zero-column-padding first  \" style='border-radius:0px; '><p><section class=\"av_textblock_section \" ><div class='avia_textblock  '  ><p><strong>Ober\u00f6sterreichische Feuerwehren unterst\u00fctzen die Waldbrandbek\u00e4mpfung in Nieder\u00f6sterreich<\/strong><br \/>\n<em>Feuerwehr Braunau stellt gemeinsam mit der Feuerwehr Steyr &#8222;AB Mulde&#8220; als L\u00f6schwasserpuffer zur Verf\u00fcgung.<\/em><\/p>\n<p>Schneller als vermutet wurde der erst vor wenigen Wochen zu uns verlagerte <a href=\"https:\/\/ffbraunau.at\/wordpress\/?p=48054\" target=\"_blank\" rel=\"noopener\">Spezialcontainer &#8222;AB Mulde&#8220;<\/a> durch den O\u00d6 Katastrophenhilfsdienst angefordert. Seit Tagen w\u00fctet in Hirschwang an der Rax in Nieder\u00f6sterreich der gr\u00f6\u00dfte Waldbrand in der Geschichte \u00d6sterreichs.<\/p>\n<p>Am 30. Oktober 2021 um 14:30 Uhr wurde der bei der Feuerwehr Braunau stationierte Container \u00fcber die Landeswarnzentrale O\u00d6 alarmiert.<br \/>\n2 Mann r\u00fcckten mit LAST 2 nach Nieder\u00f6sterreich aus.<\/p>\n<p>Nach einer \u00fcber 300 km langen Anfahrt wurde mit der \u00f6rtlichen Einsatzleitung Kontakt aufgenommen, welche den zufahrenden Feuerwehren den genauen Einsatzort und Einsatzauftrag \u00fcbermittelte. Die letzten 17 Kilometer mussten \u00fcber zum Teil unwegsame Forstwege zur\u00fcckgelegt werden.<\/p>\n<p>An einer Waldlichtung wurde ein Einsatz-St\u00fctzpunkt errichtet, bei dem die Container der Feuerwehren Steyr und Braunau als L\u00f6schwasserpuffer dienen. Die beiden Container wurden nach dem positionieren miteinander verbunden und stellen somit ca. 40.000 Liter L\u00f6schwasser bereit. Die Versorgung der Sammelbeh\u00e4lter wird im Pendelverkehr mit Gro\u00dftankl\u00f6schfahrzeugen und Flughafenl\u00f6schfahrzeugen sichergestellt.<\/p>\n<p>Nach einer kurzen Einweisung der Einsatzkr\u00e4fte vor Ort traten die Kameraden der Feuerwehr Braunau den R\u00fcckweg an und beendeten den Einsatz um 03:15 Uhr im Feuerwehrhaus Braunau. Das Ger\u00e4t aus Braunau verbleibt bis auf weiteres in Nieder\u00f6sterreich und wird nach Einsatzende durch die FF Braunau zur\u00fcck geholt.<\/p>\n<p>Text: Feuerwehr Braunau<br \/>\nFotos: Dankenswerterweise zur Verf\u00fcgung gestellt von der Feuerwehr Steyr<\/p>\n<\/div><\/section><br \/>\n<div  data-size='no scaling'  data-lightbox_size='large'  data-animation='slide'  data-ids='94553,94554,94556,94558,94557,94555,94559'  data-video_counter='0'  data-autoplay='false'  data-bg_slider='false'  data-slide_height=''  data-handle='av_slideshow'  data-interval='5'  data-class=' '  data-css_id=''  data-scroll_down=''  data-control_layout='av-control-default'  data-custom_markup=''  data-perma_caption=''  data-autoplay_stopper=''  data-image_attachment=''  data-min_height='0px'  class='avia-slideshow avia-slideshow-1  av-control-default av-default-height-applied avia-slideshow-no scaling av_slideshow   avia-slide-slider ' ><ul class='avia-slideshow-inner' style='padding-bottom: 75%;'><li  class=' slide-1 ' ><div data-rel='slideshow-1' class='avia-slide-wrap'  ><img src='https:\/\/ffbraunau.at\/wordpress\/wp-content\/uploads\/2021\/11\/k_AB-Mulde-RAX3.jpg' width='800' height='600' title='k_AB-Mulde RAX3' alt=''   \/><\/div><\/li><li  class=' slide-2 ' ><div data-rel='slideshow-1' class='avia-slide-wrap'  ><img src='https:\/\/ffbraunau.at\/wordpress\/wp-content\/uploads\/2021\/11\/k_AB-Mulde-RAX33.jpg' width='800' height='600' title='k_AB-Mulde RAX33' alt=''   \/><\/div><\/li><li  class=' slide-3 ' ><div data-rel='slideshow-1' class='avia-slide-wrap'  ><img src='https:\/\/ffbraunau.at\/wordpress\/wp-content\/uploads\/2021\/11\/k_AB-Mulde-RAX41.jpg' width='800' height='600' title='k_AB-Mulde RAX41' alt=''   \/><\/div><\/li><li  class=' slide-4 ' ><div data-rel='slideshow-1' class='avia-slide-wrap'  ><img src='https:\/\/ffbraunau.at\/wordpress\/wp-content\/uploads\/2021\/11\/k_AB-Mulde-RAX64.jpg' width='800' height='600' title='k_AB-Mulde RAX64' alt=''   \/><\/div><\/li><li  class=' slide-5 ' ><div data-rel='slideshow-1' class='avia-slide-wrap'  ><img src='https:\/\/ffbraunau.at\/wordpress\/wp-content\/uploads\/2021\/11\/k_AB-Mulde-RAX47.jpg' width='800' height='600' title='k_AB-Mulde RAX47' alt=''   \/><\/div><\/li><li  class=' slide-6 ' ><div data-rel='slideshow-1' class='avia-slide-wrap'  ><img src='https:\/\/ffbraunau.at\/wordpress\/wp-content\/uploads\/2021\/11\/k_AB-Mulde-RAX35.jpg' width='800' height='600' title='k_AB-Mulde RAX35' alt=''   \/><\/div><\/li><li  class=' slide-7 ' ><div data-rel='slideshow-1' class='avia-slide-wrap'  ><img src='https:\/\/ffbraunau.at\/wordpress\/wp-content\/uploads\/2021\/11\/k_AB-Mulde-RAX65-Route.jpg' width='800' height='329' title='k_AB-Mulde RAX65-Route' alt=''   \/><\/div><\/li><\/ul><div class='avia-slideshow-arrows avia-slideshow-controls'><a href='#prev' class='prev-slide' aria-hidden='true' data-av_icon='\ue87c' data-av_iconfont='entypo-fontello'>Zur\u00fcck<\/a><a href='#next' class='next-slide' aria-hidden='true' data-av_icon='\ue87d' data-av_iconfont='entypo-fontello'>Weiter<\/a><\/div><div class='avia-slideshow-dots avia-slideshow-controls'><a href='#1' class='goto-slide active' >1<\/a><a href='#2' class='goto-slide ' >2<\/a><a href='#3' class='goto-slide ' >3<\/a><a href='#4' class='goto-slide ' >4<\/a><a href='#5' class='goto-slide ' >5<\/a><a href='#6' class='goto-slide ' >6<\/a><a href='#7' class='goto-slide ' >7<\/a><\/div><\/div><\/p><\/div>\n","protected":false},"excerpt":{"rendered":"","protected":false},"author":4,"featured_media":94557,"comment_status":"closed","ping_status":"open","sticky":false,"template":"","format":"standard","meta":{"footnotes":"","_links_to":"","_links_to_target":""},"categories":[280],"tags":[],"class_list":["post-94492","post","type-post","status-publish","format-standard","has-post-thumbnail","hentry","category-einsaetze-2021"],"_links":{"self":[{"href":"https:\/\/ffbraunau.at\/wordpress\/index.php?rest_route=\/wp\/v2\/posts\/94492","targetHints":{"allow":["GET"]}}],"collection":[{"href":"https:\/\/ffbraunau.at\/wordpress\/index.php?rest_route=\/wp\/v2\/posts"}],"about":[{"href":"https:\/\/ffbraunau.at\/wordpress\/index.php?rest_route=\/wp\/v2\/types\/post"}],"author":[{"embeddable":true,"href":"https:\/\/ffbraunau.at\/wordpress\/index.php?rest_route=\/wp\/v2\/users\/4"}],"replies":[{"embeddable":true,"href":"https:\/\/ffbraunau.at\/wordpress\/index.php?rest_route=%2Fwp%2Fv2%2Fcomments&post=94492"}],"version-history":[{"count":7,"href":"https:\/\/ffbraunau.at\/wordpress\/index.php?rest_route=\/wp\/v2\/posts\/94492\/revisions"}],"predecessor-version":[{"id":94560,"href":"https:\/\/ffbraunau.at\/wordpress\/index.php?rest_route=\/wp\/v2\/posts\/94492\/revisions\/94560"}],"wp:featuredmedia":[{"embeddable":true,"href":"https:\/\/ffbraunau.at\/wordpress\/index.php?rest_route=\/wp\/v2\/media\/94557"}],"wp:attachment":[{"href":"https:\/\/ffbraunau.at\/wordpress\/index.php?rest_route=%2Fwp%2Fv2%2Fmedia&parent=94492"}],"wp:term":[{"taxonomy":"category","embeddable":true,"href":"https:\/\/ffbraunau.at\/wordpress\/index.php?rest_route=%2Fwp%2Fv2%2Fcategories&post=94492"},{"taxonomy":"post_tag","embeddable":true,"href":"https:\/\/ffbraunau.at\/wordpress\/index.php?rest_route=%2Fwp%2Fv2%2Ftags&post=94492"}],"curies":[{"name":"wp","href":"https:\/\/api.w.org\/{rel}","templated":true}]}}