{"id":8432,"date":"2018-09-23T08:30:38","date_gmt":"2018-09-23T08:30:38","guid":{"rendered":"http:\/\/ffbraunau.at\/wordpress\/?p=8432"},"modified":"2018-09-23T08:35:06","modified_gmt":"2018-09-23T08:35:06","slug":"22-09-2018-tag-der-offenen-tuer-helfer-erleben","status":"publish","type":"post","link":"https:\/\/ffbraunau.at\/wordpress\/?p=8432","title":{"rendered":"22.09.2018 &#8211; Tag der offenen T\u00fcr &#8211; &#8222;Helfer erleben&#8220;"},"content":{"rendered":"<div class=\"flex_column av_one_full  flex_column_div av-zero-column-padding first  \" style='border-radius:0px; '><p><section class=\"av_textblock_section \" ><div class='avia_textblock  '  ><p>Am Samstag, den 22.09.2018 veranstalteten \u00d6AMTC,\u00a0Bundespolizei, Stadtpolizei,<br \/>\nRotes Kreuz und Feuerwehr Braunau den Aktionstag\u00a0&#8222;Helfer erleben&#8220;.<\/p>\n<p>Die Organisationen informierten die interessierte Bev\u00f6lkerung \u00fcber das<br \/>\nLeistungsspektrum, sowie \u00fcber die vielf\u00e4ltigen Aufgaben der Einsatzkr\u00e4fte.<\/p>\n<p>Geboten wurde unter anderem das folgende Rahmenprogramm f\u00fcr Gro\u00df und Klein:<\/p>\n<p>&#8211; H\u00fcpfburg und Kinderhubschrauber<br \/>\n&#8211; Kinderschminken<br \/>\n&#8211; Mitfahrten mit dem Feuerwehrkran<br \/>\n&#8211; Vorstellung haus\u00e4rztlicher Notdienst<br \/>\n&#8211; Besichtigung von Einsatzfahrzeugen<br \/>\n&#8211; \u00dcberschlagsimulator<br \/>\n&#8211; Erste Hilfema\u00dfnahmen<br \/>\n&#8211; Vorf\u00fchrung von Suchhunden<br \/>\n&#8211; Vorf\u00fchrung der H\u00f6henretter<br \/>\n&#8211; gemeinsame Schau\u00fcbung aller Einsatzorganisationen<br \/>\n&#8211; und vieles mehr<\/p>\n<p>Besonders gro\u00df war das Interesse der Besucher\u00a0an der gemeinsamen Schau\u00fcbung aller Einsatzorganisationen,<br \/>\nsowie\u00a0an der Landung des Notarzt-Hubschraubers &#8222;Christophorus Europa 3&#8220;.<br \/>\nDie Crew informierte \u00fcber die T\u00e4tigkeiten der Besatzung und beantwortete alle Fragen detailliert.<\/p>\n<p>Wir bedanken uns bei allen Besuchern\u00a0f\u00fcr das Interesse!<\/p>\n<p>Text: Feuerwehr Braunau<br \/>\nFotos: Daniel Scharinger<\/p>\n<\/div><\/section><br \/>\n<div  data-size='no scaling'  data-lightbox_size='large'  data-animation='slide'  data-ids='8435,8436,8438,8437,8440,8441,8439'  data-video_counter='0'  data-autoplay='false'  data-bg_slider='false'  data-slide_height=''  data-handle='av_slideshow'  data-interval='5'  data-class=' '  data-css_id=''  data-scroll_down=''  data-control_layout='av-control-default'  data-custom_markup=''  data-perma_caption=''  data-autoplay_stopper=''  data-image_attachment=''  data-min_height='0px'  class='avia-slideshow avia-slideshow-1  av-control-default av-default-height-applied avia-slideshow-no scaling av_slideshow   avia-slide-slider ' ><ul class='avia-slideshow-inner' style='padding-bottom: 74.375%;'><li  class=' slide-1 ' ><div data-rel='slideshow-1' class='avia-slide-wrap'  ><img src='https:\/\/ffbraunau.at\/wordpress\/wp-content\/uploads\/2018\/09\/BE0I4493.jpg' width='800' height='595' title='AUT, THEMENBILD, AKTIONSTAG, &quot;HELFER ERLEBEN&quot;' alt=''   \/><\/div><\/li><li  class=' slide-2 ' ><div data-rel='slideshow-1' class='avia-slide-wrap'  ><img src='https:\/\/ffbraunau.at\/wordpress\/wp-content\/uploads\/2018\/09\/BE0I4533.jpg' width='800' height='537' title='AUT, THEMENBILD, AKTIONSTAG, &quot;HELFER ERLEBEN&quot;' alt=''   \/><\/div><\/li><li  class=' slide-3 ' ><div data-rel='slideshow-1' class='avia-slide-wrap'  ><img src='https:\/\/ffbraunau.at\/wordpress\/wp-content\/uploads\/2018\/09\/BE0I4626.jpg' width='800' height='533' title='AUT, THEMENBILD, AKTIONSTAG, &quot;HELFER ERLEBEN&quot;' alt=''   \/><\/div><\/li><li  class=' slide-4 ' ><div data-rel='slideshow-1' class='avia-slide-wrap'  ><img src='https:\/\/ffbraunau.at\/wordpress\/wp-content\/uploads\/2018\/09\/BE0I4552.jpg' width='800' height='533' title='AUT, THEMENBILD, AKTIONSTAG, &quot;HELFER ERLEBEN&quot;' alt=''   \/><\/div><\/li><li  class=' slide-5 ' ><div data-rel='slideshow-1' class='avia-slide-wrap'  ><img src='https:\/\/ffbraunau.at\/wordpress\/wp-content\/uploads\/2018\/09\/BE0I4942.jpg' width='800' height='533' title='AUT, THEMENBILD, AKTIONSTAG, &quot;HELFER ERLEBEN&quot;' alt=''   \/><\/div><\/li><li  class=' slide-6 ' ><div data-rel='slideshow-1' class='avia-slide-wrap'  ><img src='https:\/\/ffbraunau.at\/wordpress\/wp-content\/uploads\/2018\/09\/DJI_0458.jpg' width='800' height='449' title='AUT, THEMENBILD, AKTIONSTAG, &quot;HELFER ERLEBEN&quot;' alt=''   \/><\/div><\/li><li  class=' slide-7 ' ><div data-rel='slideshow-1' class='avia-slide-wrap'  ><img src='https:\/\/ffbraunau.at\/wordpress\/wp-content\/uploads\/2018\/09\/BE0I4762.jpg' width='800' height='548' title='AUT, THEMENBILD, AKTIONSTAG, &quot;HELFER ERLEBEN&quot;' alt=''   \/><\/div><\/li><\/ul><div class='avia-slideshow-arrows avia-slideshow-controls'><a href='#prev' class='prev-slide' aria-hidden='true' data-av_icon='\ue87c' data-av_iconfont='entypo-fontello'>Zur\u00fcck<\/a><a href='#next' class='next-slide' aria-hidden='true' data-av_icon='\ue87d' data-av_iconfont='entypo-fontello'>Weiter<\/a><\/div><div class='avia-slideshow-dots avia-slideshow-controls'><a href='#1' class='goto-slide active' >1<\/a><a href='#2' class='goto-slide ' >2<\/a><a href='#3' class='goto-slide ' >3<\/a><a href='#4' class='goto-slide ' >4<\/a><a href='#5' class='goto-slide ' >5<\/a><a href='#6' class='goto-slide ' >6<\/a><a href='#7' class='goto-slide ' >7<\/a><\/div><\/div><\/p><\/div>\n","protected":false},"excerpt":{"rendered":"","protected":false},"author":3,"featured_media":8439,"comment_status":"closed","ping_status":"open","sticky":false,"template":"","format":"standard","meta":{"footnotes":"","_links_to":"","_links_to_target":""},"categories":[141],"tags":[],"class_list":["post-8432","post","type-post","status-publish","format-standard","has-post-thumbnail","hentry","category-berichte-2018"],"_links":{"self":[{"href":"https:\/\/ffbraunau.at\/wordpress\/index.php?rest_route=\/wp\/v2\/posts\/8432","targetHints":{"allow":["GET"]}}],"collection":[{"href":"https:\/\/ffbraunau.at\/wordpress\/index.php?rest_route=\/wp\/v2\/posts"}],"about":[{"href":"https:\/\/ffbraunau.at\/wordpress\/index.php?rest_route=\/wp\/v2\/types\/post"}],"author":[{"embeddable":true,"href":"https:\/\/ffbraunau.at\/wordpress\/index.php?rest_route=\/wp\/v2\/users\/3"}],"replies":[{"embeddable":true,"href":"https:\/\/ffbraunau.at\/wordpress\/index.php?rest_route=%2Fwp%2Fv2%2Fcomments&post=8432"}],"version-history":[{"count":5,"href":"https:\/\/ffbraunau.at\/wordpress\/index.php?rest_route=\/wp\/v2\/posts\/8432\/revisions"}],"predecessor-version":[{"id":8448,"href":"https:\/\/ffbraunau.at\/wordpress\/index.php?rest_route=\/wp\/v2\/posts\/8432\/revisions\/8448"}],"wp:featuredmedia":[{"embeddable":true,"href":"https:\/\/ffbraunau.at\/wordpress\/index.php?rest_route=\/wp\/v2\/media\/8439"}],"wp:attachment":[{"href":"https:\/\/ffbraunau.at\/wordpress\/index.php?rest_route=%2Fwp%2Fv2%2Fmedia&parent=8432"}],"wp:term":[{"taxonomy":"category","embeddable":true,"href":"https:\/\/ffbraunau.at\/wordpress\/index.php?rest_route=%2Fwp%2Fv2%2Fcategories&post=8432"},{"taxonomy":"post_tag","embeddable":true,"href":"https:\/\/ffbraunau.at\/wordpress\/index.php?rest_route=%2Fwp%2Fv2%2Ftags&post=8432"}],"curies":[{"name":"wp","href":"https:\/\/api.w.org\/{rel}","templated":true}]}}