{"id":8371,"date":"2018-09-09T13:25:58","date_gmt":"2018-09-09T13:25:58","guid":{"rendered":"http:\/\/ffbraunau.at\/wordpress\/?p=8371"},"modified":"2018-09-09T13:25:58","modified_gmt":"2018-09-09T13:25:58","slug":"30-08-02-09-2018-feuerwehrausflug","status":"publish","type":"post","link":"https:\/\/ffbraunau.at\/wordpress\/?p=8371","title":{"rendered":"30.08.- 02.09.2018 &#8211; Feuerwehrausflug"},"content":{"rendered":"<section class=\"av_textblock_section \" ><div class='avia_textblock  '  ><p>41 Personen, Feuerwehrmitglieder und deren Angeh\u00f6rige, nahmen von Freitag, 30.08. bis Sonntag 02.09. am diesj\u00e4hrigen Feuerwehrausflug teil.<\/p>\n<p>Die Fahrt mit dem Reisebus f\u00fchrte uns \u00fcber Stra\u00dfwalchen \u2013 Mondsee \u2013 St. Gilgen \u2013 Bad Ischl \u2013 Bad Goisern und Bad Aussee zum Grundlsee. Hier legten wir einen Halt ein und machten eine kleine Wanderung mit Fr\u00fchst\u00fccksjause in der \u201eFischerh\u00fctte\u201c am Toplitzsee. Weiter ging es nach Bad Mitterndorf, wo wir die gr\u00f6\u00dfte nat\u00fcrliche Schiflugschanze der Welt, den so genannten \u201eKulm\u201c besichtigten.<\/p>\n<p>Anschlie\u00dfend fuhren wir \u00fcber Liezen und die Autobahn &#8211; an Graz vorbei &#8211; direkt zu unserem Hotel in Leibnitz wo wir unsere Zimmer bezogen.<br \/>\nAm Abend marschierten wir zur ca. 10 Minuten entfernten Buschenschank, wo f\u00fcr uns eine gemeinsame Jause reserviert war.<\/p>\n<p>Am n\u00e4chsten Tag fr\u00fchst\u00fcckten wir gemeinsam im Hotel, ehe wir nach Graz fuhren. Dort erwartete uns eine Stadtf\u00fchrerin, mit welcher wir die steirische Landeshauptstadt erkundeten. Nach Graz fuhren wir in die Weinstra\u00dfe und zwar in die Gemeinde \u201eRatsch an der Weinstra\u00dfe\u201c. In einer Buschenschank gab\u2019s f\u00fcr uns eine typisch steirische Jause. Nach einigen geselligen Stunden ging es zur\u00fcck zum Hotel.<\/p>\n<p>Der Sonntag begann wieder mit einem gemeinsamen Fr\u00fchst\u00fcck im Hotel. Dann brachen wir nach Eisenerz auf. Am Erzberg verschafften wir uns w\u00e4hrend einer \u00a0Haulyfahrt einen \u00dcberblick \u00fcber das Gel\u00e4nde. Das Mittagessen gab\u00b4s im \u201eGasthaus R\u00f6ssl\u201c in Windischgarsten.<br \/>\nDanach ging es auf direkten Weg zur\u00fcck nach Braunau wo ein sehr gut organisierter, kameradschaftlicher 3 Tages-Ausflug zu Ende ging.<\/p>\n<\/div><\/section>\n<div  data-size='featured'  data-lightbox_size='large'  data-animation='slide'  data-ids='8372,8373,8374,8375,8376,8377,8378,8379,8380,8381'  data-video_counter='0'  data-autoplay='false'  data-bg_slider='false'  data-slide_height=''  data-handle='av_slideshow'  data-interval='5'  data-class=' '  data-css_id=''  data-scroll_down=''  data-control_layout='av-control-default'  data-custom_markup=''  data-perma_caption=''  data-autoplay_stopper=''  data-image_attachment=''  data-min_height='0px'  data-default-height='28.666666666667'  class='avia-slideshow avia-slideshow-1  av-control-default av-default-height-applied avia-slideshow-featured av_slideshow   avia-slide-slider ' ><ul class='avia-slideshow-inner' style='padding-bottom: 71.666666666667%;'><li  class=' slide-1 ' ><div data-rel='slideshow-1' class='avia-slide-wrap'  ><img src='https:\/\/ffbraunau.at\/wordpress\/wp-content\/uploads\/2018\/09\/k_IMG-20180909-WA0007-600x430.jpg' width='600' height='430' title='k_IMG-20180909-WA0007' alt=''   \/><\/div><\/li><li  class=' slide-2 ' ><div data-rel='slideshow-1' class='avia-slide-wrap'  ><img src='https:\/\/ffbraunau.at\/wordpress\/wp-content\/uploads\/2018\/09\/k_IMGP0015-450x430.jpg' width='450' height='430' title='k_IMGP0015' alt=''   \/><\/div><\/li><li  class=' slide-3 ' ><div data-rel='slideshow-1' class='avia-slide-wrap'  ><img src='https:\/\/ffbraunau.at\/wordpress\/wp-content\/uploads\/2018\/09\/k_IMGP0020-800x430.jpg' width='800' height='430' title='k_IMGP0020' alt=''   \/><\/div><\/li><li  class=' slide-4 ' ><div data-rel='slideshow-1' class='avia-slide-wrap'  ><img src='https:\/\/ffbraunau.at\/wordpress\/wp-content\/uploads\/2018\/09\/k_IMGP0030-800x430.jpg' width='800' height='430' title='k_IMGP0030' alt=''   \/><\/div><\/li><li  class=' slide-5 ' ><div data-rel='slideshow-1' class='avia-slide-wrap'  ><img src='https:\/\/ffbraunau.at\/wordpress\/wp-content\/uploads\/2018\/09\/k_IMGP0063-800x430.jpg' width='800' height='430' title='k_IMGP0063' alt=''   \/><\/div><\/li><li  class=' slide-6 ' ><div data-rel='slideshow-1' class='avia-slide-wrap'  ><img src='https:\/\/ffbraunau.at\/wordpress\/wp-content\/uploads\/2018\/09\/k_IMGP0065-800x430.jpg' width='800' height='430' title='k_IMGP0065' alt=''   \/><\/div><\/li><li  class=' slide-7 ' ><div data-rel='slideshow-1' class='avia-slide-wrap'  ><img src='https:\/\/ffbraunau.at\/wordpress\/wp-content\/uploads\/2018\/09\/k_IMGP0066-800x430.jpg' width='800' height='430' title='k_IMGP0066' alt=''   \/><\/div><\/li><li  class=' slide-8 ' ><div data-rel='slideshow-1' class='avia-slide-wrap'  ><img src='https:\/\/ffbraunau.at\/wordpress\/wp-content\/uploads\/2018\/09\/k_IMGP0067-800x430.jpg' width='800' height='430' title='k_IMGP0067' alt=''   \/><\/div><\/li><li  class=' slide-9 ' ><div data-rel='slideshow-1' class='avia-slide-wrap'  ><img src='https:\/\/ffbraunau.at\/wordpress\/wp-content\/uploads\/2018\/09\/k_IMGP0093-800x430.jpg' width='800' height='430' title='k_IMGP0093' alt=''   \/><\/div><\/li><li  class=' slide-10 ' ><div data-rel='slideshow-1' class='avia-slide-wrap'  ><img src='https:\/\/ffbraunau.at\/wordpress\/wp-content\/uploads\/2018\/09\/k_IMGP0103-800x430.jpg' width='800' height='430' title='k_IMGP0103' alt=''   \/><\/div><\/li><\/ul><div class='avia-slideshow-arrows avia-slideshow-controls'><a href='#prev' class='prev-slide' aria-hidden='true' data-av_icon='\ue87c' data-av_iconfont='entypo-fontello'>Zur\u00fcck<\/a><a href='#next' class='next-slide' aria-hidden='true' data-av_icon='\ue87d' data-av_iconfont='entypo-fontello'>Weiter<\/a><\/div><div class='avia-slideshow-dots avia-slideshow-controls'><a href='#1' class='goto-slide active' >1<\/a><a href='#2' class='goto-slide ' >2<\/a><a href='#3' class='goto-slide ' >3<\/a><a href='#4' class='goto-slide ' >4<\/a><a href='#5' class='goto-slide ' >5<\/a><a href='#6' class='goto-slide ' >6<\/a><a href='#7' class='goto-slide ' >7<\/a><a href='#8' class='goto-slide ' >8<\/a><a href='#9' class='goto-slide ' >9<\/a><a href='#10' class='goto-slide ' >10<\/a><\/div><\/div>\n","protected":false},"excerpt":{"rendered":"","protected":false},"author":4,"featured_media":8379,"comment_status":"closed","ping_status":"open","sticky":false,"template":"","format":"standard","meta":{"footnotes":"","_links_to":"","_links_to_target":""},"categories":[141],"tags":[],"class_list":["post-8371","post","type-post","status-publish","format-standard","has-post-thumbnail","hentry","category-berichte-2018"],"_links":{"self":[{"href":"https:\/\/ffbraunau.at\/wordpress\/index.php?rest_route=\/wp\/v2\/posts\/8371","targetHints":{"allow":["GET"]}}],"collection":[{"href":"https:\/\/ffbraunau.at\/wordpress\/index.php?rest_route=\/wp\/v2\/posts"}],"about":[{"href":"https:\/\/ffbraunau.at\/wordpress\/index.php?rest_route=\/wp\/v2\/types\/post"}],"author":[{"embeddable":true,"href":"https:\/\/ffbraunau.at\/wordpress\/index.php?rest_route=\/wp\/v2\/users\/4"}],"replies":[{"embeddable":true,"href":"https:\/\/ffbraunau.at\/wordpress\/index.php?rest_route=%2Fwp%2Fv2%2Fcomments&post=8371"}],"version-history":[{"count":2,"href":"https:\/\/ffbraunau.at\/wordpress\/index.php?rest_route=\/wp\/v2\/posts\/8371\/revisions"}],"predecessor-version":[{"id":8383,"href":"https:\/\/ffbraunau.at\/wordpress\/index.php?rest_route=\/wp\/v2\/posts\/8371\/revisions\/8383"}],"wp:featuredmedia":[{"embeddable":true,"href":"https:\/\/ffbraunau.at\/wordpress\/index.php?rest_route=\/wp\/v2\/media\/8379"}],"wp:attachment":[{"href":"https:\/\/ffbraunau.at\/wordpress\/index.php?rest_route=%2Fwp%2Fv2%2Fmedia&parent=8371"}],"wp:term":[{"taxonomy":"category","embeddable":true,"href":"https:\/\/ffbraunau.at\/wordpress\/index.php?rest_route=%2Fwp%2Fv2%2Fcategories&post=8371"},{"taxonomy":"post_tag","embeddable":true,"href":"https:\/\/ffbraunau.at\/wordpress\/index.php?rest_route=%2Fwp%2Fv2%2Ftags&post=8371"}],"curies":[{"name":"wp","href":"https:\/\/api.w.org\/{rel}","templated":true}]}}