{"id":8257,"date":"2018-08-13T18:18:34","date_gmt":"2018-08-13T18:18:34","guid":{"rendered":"http:\/\/ffbraunau.at\/wordpress\/?p=8257"},"modified":"2018-08-14T09:28:51","modified_gmt":"2018-08-14T09:28:51","slug":"13082018-sturmschaden-uferstrasse-laab","status":"publish","type":"post","link":"https:\/\/ffbraunau.at\/wordpress\/?p=8257","title":{"rendered":"13.08.2018 &#8211; STURMSCHADEN"},"content":{"rendered":"<section class=\"av_textblock_section \" ><div class='avia_textblock  '  ><table border=\"0\">\n<tbody>\n<tr>\n<td align=\"right\" bgcolor=\"#cccccc\" width=\"120\"><strong>Stichwort:<\/strong><\/td>\n<td bgcolor=\"#cccccc\" width=\"400\">STURMSCHADEN<\/td>\n<\/tr>\n<tr>\n<td align=\"right\"><strong>Alarmstufe:<\/strong><\/td>\n<td>1<\/td>\n<\/tr>\n<tr>\n<td align=\"right\" bgcolor=\"#cccccc\"><strong>Ort:<\/strong><\/td>\n<td bgcolor=\"#cccccc\">Uferstra\u00dfe<\/td>\n<\/tr>\n<tr>\n<td align=\"right\"><strong>Datum:<\/strong><\/td>\n<td>Mo, 13.08.2018 20:18 &#8211; 21:08<\/td>\n<\/tr>\n<tr>\n<td align=\"right\" bgcolor=\"#cccccc\"><strong>Dauer:<\/strong><\/td>\n<td bgcolor=\"#cccccc\">50 Minuten<\/td>\n<\/tr>\n<\/tbody>\n<\/table>\n<table>\n<tbody>\n<tr>\n<td align=\"right\" width=\"120\"><strong>Alarmierung:<\/strong><\/td>\n<td width=\"400\">Landesfeuerwehrkommando<\/td>\n<\/tr>\n<tr>\n<td align=\"right\" bgcolor=\"#cccccc\"><strong>Art:<\/strong><\/td>\n<td bgcolor=\"#cccccc\">Technischer Einsatz<\/td>\n<\/tr>\n<tr>\n<td align=\"right\"><strong>Mannst\u00e4rke:<\/strong><\/td>\n<td>16 Mann<\/td>\n<\/tr>\n<tr>\n<td align=\"right\" bgcolor=\"#cccccc\"><strong>Fahrzeuge:<\/strong><\/td>\n<td bgcolor=\"#cccccc\">TANK 2, DLK<\/td>\n<\/tr>\n<tr>\n<td align=\"right\"><strong>Feuerwehren:<\/strong><\/td>\n<td><a href=\"http:\/\/www.ffbraunau.at\/\" target=\"_blank\" rel=\"noopener\">Stadtfeuerwehr Braunau<\/a><\/td>\n<\/tr>\n<\/tbody>\n<\/table>\n<table border=\"0\">\n<tbody>\n<tr>\n<td align=\"right\" valign=\"top\" width=\"120\"><strong>Beschreibung:<\/strong><\/td>\n<td>Nach einem kurzen aber heftigen Unwetter mit Starkregen und Sturmb\u00f6en wurde die Feuerwehr Braunau am 13.08.2018 um 20:18 Uhr zu einem Sturmschaden alarmiert. Einige \u00c4ste drohten auf eine Stra\u00dfe zu st\u00fcrzen. Mit einer Motors\u00e4ge wurden die \u00c4ste \u00fcber die Drehleiter entfernt. Nach 50 Minuten konnte der Einsatz beendet werden.<\/td>\n<\/tr>\n<\/tbody>\n<\/table>\n<\/div><\/section>\n<div  data-size='no scaling'  data-lightbox_size='large'  data-animation='slide'  data-ids='8262,8263,8264'  data-video_counter='0'  data-autoplay='false'  data-bg_slider='false'  data-slide_height=''  data-handle='av_slideshow'  data-interval='5'  data-class=' '  data-css_id=''  data-scroll_down=''  data-control_layout='av-control-default'  data-custom_markup=''  data-perma_caption=''  data-autoplay_stopper=''  data-image_attachment=''  data-min_height='0px'  class='avia-slideshow avia-slideshow-1  av-control-default av-default-height-applied avia-slideshow-no scaling av_slideshow   avia-slide-slider ' ><ul class='avia-slideshow-inner' style='padding-bottom: 75%;'><li  class=' slide-1 ' ><div data-rel='slideshow-1' class='avia-slide-wrap'  ><img src='https:\/\/ffbraunau.at\/wordpress\/wp-content\/uploads\/2018\/08\/Unwetter01.jpg' width='1600' height='1200' title='Unwetter01' alt=''   \/><\/div><\/li><li  class=' slide-2 ' ><div data-rel='slideshow-1' class='avia-slide-wrap'  ><img src='https:\/\/ffbraunau.at\/wordpress\/wp-content\/uploads\/2018\/08\/Unwetter02.jpg' width='1600' height='1200' title='Unwetter02' alt=''   \/><\/div><\/li><li  class=' slide-3 ' ><div data-rel='slideshow-1' class='avia-slide-wrap'  ><img src='https:\/\/ffbraunau.at\/wordpress\/wp-content\/uploads\/2018\/08\/Unwetter03.jpg' width='1600' height='1200' title='Unwetter03' alt=''   \/><\/div><\/li><\/ul><div class='avia-slideshow-arrows avia-slideshow-controls'><a href='#prev' class='prev-slide' aria-hidden='true' data-av_icon='\ue87c' data-av_iconfont='entypo-fontello'>Zur\u00fcck<\/a><a href='#next' class='next-slide' aria-hidden='true' data-av_icon='\ue87d' data-av_iconfont='entypo-fontello'>Weiter<\/a><\/div><div class='avia-slideshow-dots avia-slideshow-controls'><a href='#1' class='goto-slide active' >1<\/a><a href='#2' class='goto-slide ' >2<\/a><a href='#3' class='goto-slide ' >3<\/a><\/div><\/div>\n","protected":false},"excerpt":{"rendered":"","protected":false},"author":1,"featured_media":8264,"comment_status":"closed","ping_status":"open","sticky":false,"template":"","format":"standard","meta":{"footnotes":"","_links_to":"","_links_to_target":""},"categories":[142],"tags":[],"class_list":["post-8257","post","type-post","status-publish","format-standard","has-post-thumbnail","hentry","category-einsaetze-2018"],"_links":{"self":[{"href":"https:\/\/ffbraunau.at\/wordpress\/index.php?rest_route=\/wp\/v2\/posts\/8257","targetHints":{"allow":["GET"]}}],"collection":[{"href":"https:\/\/ffbraunau.at\/wordpress\/index.php?rest_route=\/wp\/v2\/posts"}],"about":[{"href":"https:\/\/ffbraunau.at\/wordpress\/index.php?rest_route=\/wp\/v2\/types\/post"}],"author":[{"embeddable":true,"href":"https:\/\/ffbraunau.at\/wordpress\/index.php?rest_route=\/wp\/v2\/users\/1"}],"replies":[{"embeddable":true,"href":"https:\/\/ffbraunau.at\/wordpress\/index.php?rest_route=%2Fwp%2Fv2%2Fcomments&post=8257"}],"version-history":[{"count":4,"href":"https:\/\/ffbraunau.at\/wordpress\/index.php?rest_route=\/wp\/v2\/posts\/8257\/revisions"}],"predecessor-version":[{"id":8267,"href":"https:\/\/ffbraunau.at\/wordpress\/index.php?rest_route=\/wp\/v2\/posts\/8257\/revisions\/8267"}],"wp:featuredmedia":[{"embeddable":true,"href":"https:\/\/ffbraunau.at\/wordpress\/index.php?rest_route=\/wp\/v2\/media\/8264"}],"wp:attachment":[{"href":"https:\/\/ffbraunau.at\/wordpress\/index.php?rest_route=%2Fwp%2Fv2%2Fmedia&parent=8257"}],"wp:term":[{"taxonomy":"category","embeddable":true,"href":"https:\/\/ffbraunau.at\/wordpress\/index.php?rest_route=%2Fwp%2Fv2%2Fcategories&post=8257"},{"taxonomy":"post_tag","embeddable":true,"href":"https:\/\/ffbraunau.at\/wordpress\/index.php?rest_route=%2Fwp%2Fv2%2Ftags&post=8257"}],"curies":[{"name":"wp","href":"https:\/\/api.w.org\/{rel}","templated":true}]}}