{"id":6528,"date":"2017-12-17T12:23:36","date_gmt":"2017-12-17T12:23:36","guid":{"rendered":"http:\/\/ffbraunau.at\/wordpress\/?p=6528"},"modified":"2017-12-19T16:23:19","modified_gmt":"2017-12-19T16:23:19","slug":"16-12-2017-weihnachtsfeier-mit-ehrungen","status":"publish","type":"post","link":"https:\/\/ffbraunau.at\/wordpress\/?p=6528","title":{"rendered":"16.12.2017 &#8211; Weihnachtsfeier mit Ehrung zum Feuerwehrler des Jahres"},"content":{"rendered":"<div class=\"flex_column av_one_full  flex_column_div av-zero-column-padding first  \" style='border-radius:0px; '><p><section class=\"av_textblock_section \" ><div class='avia_textblock  '  ><p>Am 16.12.2017 um 18:00 Uhr fanden sich zahlreiche Feuerwehrmitglieder samt Begleitung,<br \/>\nsowie die Mitglieder der Jugendgruppe zur Weihnachtsfeier im Veranstaltungszentrum ein.<\/p>\n<p>Nach einem kurzen Empfang im Foyer ging es weiter in den festlich geschm\u00fcckten Saal.<br \/>\nMitglieder der Braunauer Stadtkapelle sorgten f\u00fcr die musikalische Umrahmung der Feier.<\/p>\n<\/div><\/section><br \/>\n<div  data-size='no scaling'  data-lightbox_size='large'  data-animation='slide'  data-ids='6521,6520,6522,6525'  data-video_counter='0'  data-autoplay='false'  data-bg_slider='false'  data-slide_height=''  data-handle='av_slideshow'  data-interval='5'  data-class=' '  data-css_id=''  data-scroll_down=''  data-control_layout='av-control-default'  data-custom_markup=''  data-perma_caption=''  data-autoplay_stopper=''  data-image_attachment=''  data-min_height='0px'  class='avia-slideshow avia-slideshow-1  av-control-default av-default-height-applied avia-slideshow-no scaling av_slideshow   avia-slide-slider ' ><ul class='avia-slideshow-inner' style='padding-bottom: 66.625%;'><li  class=' slide-1 ' ><div data-rel='slideshow-1' class='avia-slide-wrap'  ><img src='https:\/\/ffbraunau.at\/wordpress\/wp-content\/uploads\/2017\/12\/IMG_4943.jpg' width='800' height='533' title='IMG_4943' alt=''   \/><\/div><\/li><li  class=' slide-2 ' ><div data-rel='slideshow-1' class='avia-slide-wrap'  ><img src='https:\/\/ffbraunau.at\/wordpress\/wp-content\/uploads\/2017\/12\/IMG_4939.jpg' width='800' height='533' title='IMG_4939' alt=''   \/><\/div><\/li><li  class=' slide-3 ' ><div data-rel='slideshow-1' class='avia-slide-wrap'  ><img src='https:\/\/ffbraunau.at\/wordpress\/wp-content\/uploads\/2017\/12\/IMG_4947.jpg' width='800' height='533' title='IMG_4947' alt=''   \/><\/div><\/li><li  class=' slide-4 ' ><div data-rel='slideshow-1' class='avia-slide-wrap'  ><img src='https:\/\/ffbraunau.at\/wordpress\/wp-content\/uploads\/2017\/12\/IMG_4988.jpg' width='800' height='533' title='IMG_4988' alt=''   \/><\/div><\/li><\/ul><div class='avia-slideshow-arrows avia-slideshow-controls'><a href='#prev' class='prev-slide' aria-hidden='true' data-av_icon='\ue87c' data-av_iconfont='entypo-fontello'>Zur\u00fcck<\/a><a href='#next' class='next-slide' aria-hidden='true' data-av_icon='\ue87d' data-av_iconfont='entypo-fontello'>Weiter<\/a><\/div><div class='avia-slideshow-dots avia-slideshow-controls'><a href='#1' class='goto-slide active' >1<\/a><a href='#2' class='goto-slide ' >2<\/a><a href='#3' class='goto-slide ' >3<\/a><a href='#4' class='goto-slide ' >4<\/a><\/div><\/div><br \/>\n<section class=\"av_textblock_section \" ><div class='avia_textblock  '  ><p>In seiner Ansprache bedankte sich Kommandant Klaus Litzlbauer\u00a0bei der Mannschaft, sowie beim Kommando f\u00fcr die geleistete Arbeit.<\/p>\n<p>Gleichzeitig wurde der festliche Rahmen der Weihnachtsfeier zur\u00a0Ehrung von 2 Mitgliedern zum\u00a0<strong>&#8222;Feuerwehrler des Jahres&#8220;<\/strong> genutzt.<br \/>\nIm Jahr 2017 wurden f\u00fcr ihren besonderen Einsatz <strong>Dominik Wilhelm<\/strong> sowie <strong>Pascal Imann<\/strong> ausgew\u00e4hlt.<\/p>\n<p>Nominiert werden Mitglieder, die im abgelaufenen Jahr \u00fcber einen l\u00e4ngeren Zeitraum besonderen Einsatz, \u00fcberdurchschnittliche Leistungen oder besonders gro\u00dfen Einfluss auf die positive Entwicklung der Feuerwehr Braunau gezeigt bzw. erbracht haben.<\/p>\n<p>Ebenso bedankte sich der Feuerwehr-Chef bei Kamerad <strong>Alois R\u00f6gl<\/strong> f\u00fcr die Organisation des Feuerwehrausflugs nach Lavarone.<\/p>\n<p>Wie von den Medien bereits berichtet, wurde 2017 der AENUS-Preis (ein Preis f\u00fcr grenz\u00fcberschreitende Zusammenarbeit<br \/>\nin der Region am Inn und der Salzach) unter anderem auch\u00a0an die Feuerwehren Braunau und Simbach \u00fcberreicht.<br \/>\nDie Kameraden aus Simbach \u00fcbergaben die Troph\u00e4e bei der Weihnachtsfeier an die Feuerwehr Braunau.<\/p>\n<p>Abschlie\u00dfend lie\u00df man den Abend gem\u00fctlich ausklingen.<\/p>\n<\/div><\/section><\/p><\/div>\n<div  data-size='no scaling'  data-lightbox_size='large'  data-animation='slide'  data-ids='6526,6549,6523,6524,6527'  data-video_counter='0'  data-autoplay='false'  data-bg_slider='false'  data-slide_height=''  data-handle='av_slideshow'  data-interval='5'  data-class=' '  data-css_id=''  data-scroll_down=''  data-control_layout='av-control-default'  data-custom_markup=''  data-perma_caption=''  data-autoplay_stopper=''  data-image_attachment=''  data-min_height='0px'  class='avia-slideshow avia-slideshow-2  av-control-default av-default-height-applied avia-slideshow-no scaling av_slideshow   avia-slide-slider ' ><ul class='avia-slideshow-inner' style='padding-bottom: 66.625%;'><li  class=' slide-1 ' ><div data-rel='slideshow-2' class='avia-slide-wrap'  ><img src='https:\/\/ffbraunau.at\/wordpress\/wp-content\/uploads\/2017\/12\/IMG_5008.jpg' width='800' height='533' title='IMG_5008' alt=''   \/><\/div><\/li><li  class=' slide-2 ' ><div data-rel='slideshow-2' class='avia-slide-wrap'  ><img src='https:\/\/ffbraunau.at\/wordpress\/wp-content\/uploads\/2017\/12\/IMG_4967k.jpg' width='800' height='533' title='IMG_4967k' alt=''   \/><\/div><\/li><li  class=' slide-3 ' ><div data-rel='slideshow-2' class='avia-slide-wrap'  ><img src='https:\/\/ffbraunau.at\/wordpress\/wp-content\/uploads\/2017\/12\/IMG_4962.jpg' width='800' height='533' title='IMG_4962' alt=''   \/><\/div><\/li><li  class=' slide-4 ' ><div data-rel='slideshow-2' class='avia-slide-wrap'  ><img src='https:\/\/ffbraunau.at\/wordpress\/wp-content\/uploads\/2017\/12\/IMG_4963.jpg' width='800' height='533' title='IMG_4963' alt=''   \/><\/div><\/li><li  class=' slide-5 ' ><div data-rel='slideshow-2' class='avia-slide-wrap'  ><img src='https:\/\/ffbraunau.at\/wordpress\/wp-content\/uploads\/2017\/12\/IMG_5015.jpg' width='800' height='533' title='IMG_5015' alt=''   \/><\/div><\/li><\/ul><div class='avia-slideshow-arrows avia-slideshow-controls'><a href='#prev' class='prev-slide' aria-hidden='true' data-av_icon='\ue87c' data-av_iconfont='entypo-fontello'>Zur\u00fcck<\/a><a href='#next' class='next-slide' aria-hidden='true' data-av_icon='\ue87d' data-av_iconfont='entypo-fontello'>Weiter<\/a><\/div><div class='avia-slideshow-dots avia-slideshow-controls'><a href='#1' class='goto-slide active' >1<\/a><a href='#2' class='goto-slide ' >2<\/a><a href='#3' class='goto-slide ' >3<\/a><a href='#4' class='goto-slide ' >4<\/a><a href='#5' class='goto-slide ' >5<\/a><\/div><\/div>\n","protected":false},"excerpt":{"rendered":"","protected":false},"author":3,"featured_media":6521,"comment_status":"closed","ping_status":"open","sticky":false,"template":"","format":"standard","meta":{"footnotes":"","_links_to":"","_links_to_target":""},"categories":[113],"tags":[],"class_list":["post-6528","post","type-post","status-publish","format-standard","has-post-thumbnail","hentry","category-berichte-2017"],"_links":{"self":[{"href":"https:\/\/ffbraunau.at\/wordpress\/index.php?rest_route=\/wp\/v2\/posts\/6528","targetHints":{"allow":["GET"]}}],"collection":[{"href":"https:\/\/ffbraunau.at\/wordpress\/index.php?rest_route=\/wp\/v2\/posts"}],"about":[{"href":"https:\/\/ffbraunau.at\/wordpress\/index.php?rest_route=\/wp\/v2\/types\/post"}],"author":[{"embeddable":true,"href":"https:\/\/ffbraunau.at\/wordpress\/index.php?rest_route=\/wp\/v2\/users\/3"}],"replies":[{"embeddable":true,"href":"https:\/\/ffbraunau.at\/wordpress\/index.php?rest_route=%2Fwp%2Fv2%2Fcomments&post=6528"}],"version-history":[{"count":14,"href":"https:\/\/ffbraunau.at\/wordpress\/index.php?rest_route=\/wp\/v2\/posts\/6528\/revisions"}],"predecessor-version":[{"id":6550,"href":"https:\/\/ffbraunau.at\/wordpress\/index.php?rest_route=\/wp\/v2\/posts\/6528\/revisions\/6550"}],"wp:featuredmedia":[{"embeddable":true,"href":"https:\/\/ffbraunau.at\/wordpress\/index.php?rest_route=\/wp\/v2\/media\/6521"}],"wp:attachment":[{"href":"https:\/\/ffbraunau.at\/wordpress\/index.php?rest_route=%2Fwp%2Fv2%2Fmedia&parent=6528"}],"wp:term":[{"taxonomy":"category","embeddable":true,"href":"https:\/\/ffbraunau.at\/wordpress\/index.php?rest_route=%2Fwp%2Fv2%2Fcategories&post=6528"},{"taxonomy":"post_tag","embeddable":true,"href":"https:\/\/ffbraunau.at\/wordpress\/index.php?rest_route=%2Fwp%2Fv2%2Ftags&post=6528"}],"curies":[{"name":"wp","href":"https:\/\/api.w.org\/{rel}","templated":true}]}}