{"id":62519,"date":"2021-08-23T17:25:29","date_gmt":"2021-08-23T17:25:29","guid":{"rendered":"http:\/\/ffbraunau.at\/wordpress\/?p=62519"},"modified":"2021-08-23T19:07:22","modified_gmt":"2021-08-23T19:07:22","slug":"2021-08-23_19-25-15_te-technischereinsatzklein-2","status":"publish","type":"post","link":"https:\/\/ffbraunau.at\/wordpress\/?p=62519","title":{"rendered":"23.08.2021 &#8211; TE &#8211; TECHNISCHER EINSATZ KLEIN"},"content":{"rendered":"<section class=\"av_textblock_section \" ><div class='avia_textblock  '  ><table border=\"0\">\n<tbody>\n<tr>\n<td align=\"right\" bgcolor=\"#cccccc\" width=\"120\"><strong>Stichwort:<\/strong><\/td>\n<td bgcolor=\"#cccccc\" width=\"400\">TECHNISCHER EINSATZ KLEIN<\/td>\n<\/tr>\n<tr>\n<td align=\"right\"><strong>Alarmstufe:<\/strong><\/td>\n<td>1<\/td>\n<\/tr>\n<tr>\n<td align=\"right\" bgcolor=\"#cccccc\"><strong>Ort:<\/strong><\/td>\n<td bgcolor=\"#cccccc\">Stadtgebiet<\/td>\n<\/tr>\n<tr>\n<td align=\"right\"><strong>Datum:<\/strong><\/td>\n<td>Mo, 23.08.2021 19:25 &#8211; 20:17<\/td>\n<\/tr>\n<tr>\n<td align=\"right\" bgcolor=\"#cccccc\"><strong>Dauer:<\/strong><\/td>\n<td bgcolor=\"#cccccc\">52 Minuten<\/td>\n<\/tr>\n<\/tbody>\n<\/table>\n<table>\n<tbody>\n<tr>\n<td align=\"right\" width=\"120\"><strong>Alarmierung:<\/strong><\/td>\n<td width=\"400\">Landeswarnzentrale O\u00d6<\/td>\n<\/tr>\n<tr>\n<td align=\"right\" bgcolor=\"#cccccc\"><strong>Art:<\/strong><\/td>\n<td bgcolor=\"#cccccc\">Technischer Einsatz<\/td>\n<\/tr>\n<tr>\n<td align=\"right\"><strong>Mannst\u00e4rke:<\/strong><\/td>\n<td>13 Mann<\/td>\n<\/tr>\n<tr>\n<td align=\"right\" bgcolor=\"#cccccc\"><strong>Fahrzeuge:<\/strong><\/td>\n<td bgcolor=\"#cccccc\">TANK 1, LF-A<\/td>\n<\/tr>\n<tr>\n<td align=\"right\"><strong>Feuerwehren:<\/strong><\/td>\n<td>Braunau am Inn<\/td>\n<\/tr>\n<\/tbody>\n<\/table>\n<table border=\"0\">\n<tbody>\n<tr>\n<td align=\"right\" valign=\"top\" width=\"120\"><strong>Beschreibung:<\/strong><\/td>\n<td>Am 23.08.2021 um 19:25 Uhr kam es an einer Kreuzung im Stadtgebiet zu einer Verunreinigung durch Schotter. Ein LKW verlor auf dem Weg zu einer Baustelle einen Teil der Ladung. Die Kreuzung wurde f\u00fcr die Dauer der Aufr\u00e4umarbeiten komplett gesperrt. Mit Besen, Schaufel und Bodenwaschanlage vom Tankl\u00f6schfahrzeug wurde die Fahrbahn gereinigt. Im Einsatz standen die Feuerwehr Braunau mit 2 Fahrzeugen und 13 Mann, sowie die Bundespolizei mit 1 Fahrzeug und 2 Mann.<\/p>\n<p>Text und Fotos: Alexander Steinh\u00f6gl<\/td>\n<\/tr>\n<\/tbody>\n<\/table>\n<\/div><\/section>\n<div  data-size='no scaling'  data-lightbox_size='large'  data-animation='slide'  data-ids='62541,62542'  data-video_counter='0'  data-autoplay='false'  data-bg_slider='false'  data-slide_height=''  data-handle='av_slideshow'  data-interval='5'  data-class=' '  data-css_id=''  data-scroll_down=''  data-control_layout='av-control-default'  data-custom_markup=''  data-perma_caption=''  data-autoplay_stopper=''  data-image_attachment=''  data-min_height='0px'  class='avia-slideshow avia-slideshow-1  av-control-default av-default-height-applied avia-slideshow-no scaling av_slideshow   avia-slide-slider ' ><ul class='avia-slideshow-inner' style='padding-bottom: 74.565883554648%;'><li  class=' slide-1 ' ><div data-rel='slideshow-1' class='avia-slide-wrap'  ><img src='https:\/\/ffbraunau.at\/wordpress\/wp-content\/uploads\/2021\/08\/01.jpg' width='979' height='730' title='01' alt=''   \/><\/div><\/li><li  class=' slide-2 ' ><div data-rel='slideshow-1' class='avia-slide-wrap'  ><img src='https:\/\/ffbraunau.at\/wordpress\/wp-content\/uploads\/2021\/08\/02.jpg' width='979' height='730' title='02' alt=''   \/><\/div><\/li><\/ul><div class='avia-slideshow-arrows avia-slideshow-controls'><a href='#prev' class='prev-slide' aria-hidden='true' data-av_icon='\ue87c' data-av_iconfont='entypo-fontello'>Zur\u00fcck<\/a><a href='#next' class='next-slide' aria-hidden='true' data-av_icon='\ue87d' data-av_iconfont='entypo-fontello'>Weiter<\/a><\/div><div class='avia-slideshow-dots avia-slideshow-controls'><a href='#1' class='goto-slide active' >1<\/a><a href='#2' class='goto-slide ' >2<\/a><\/div><\/div>\n","protected":false},"excerpt":{"rendered":"","protected":false},"author":5,"featured_media":62542,"comment_status":"closed","ping_status":"open","sticky":false,"template":"","format":"standard","meta":{"footnotes":"","_links_to":"","_links_to_target":""},"categories":[280],"tags":[],"class_list":["post-62519","post","type-post","status-publish","format-standard","has-post-thumbnail","hentry","category-einsaetze-2021"],"_links":{"self":[{"href":"https:\/\/ffbraunau.at\/wordpress\/index.php?rest_route=\/wp\/v2\/posts\/62519","targetHints":{"allow":["GET"]}}],"collection":[{"href":"https:\/\/ffbraunau.at\/wordpress\/index.php?rest_route=\/wp\/v2\/posts"}],"about":[{"href":"https:\/\/ffbraunau.at\/wordpress\/index.php?rest_route=\/wp\/v2\/types\/post"}],"author":[{"embeddable":true,"href":"https:\/\/ffbraunau.at\/wordpress\/index.php?rest_route=\/wp\/v2\/users\/5"}],"replies":[{"embeddable":true,"href":"https:\/\/ffbraunau.at\/wordpress\/index.php?rest_route=%2Fwp%2Fv2%2Fcomments&post=62519"}],"version-history":[{"count":2,"href":"https:\/\/ffbraunau.at\/wordpress\/index.php?rest_route=\/wp\/v2\/posts\/62519\/revisions"}],"predecessor-version":[{"id":62543,"href":"https:\/\/ffbraunau.at\/wordpress\/index.php?rest_route=\/wp\/v2\/posts\/62519\/revisions\/62543"}],"wp:featuredmedia":[{"embeddable":true,"href":"https:\/\/ffbraunau.at\/wordpress\/index.php?rest_route=\/wp\/v2\/media\/62542"}],"wp:attachment":[{"href":"https:\/\/ffbraunau.at\/wordpress\/index.php?rest_route=%2Fwp%2Fv2%2Fmedia&parent=62519"}],"wp:term":[{"taxonomy":"category","embeddable":true,"href":"https:\/\/ffbraunau.at\/wordpress\/index.php?rest_route=%2Fwp%2Fv2%2Fcategories&post=62519"},{"taxonomy":"post_tag","embeddable":true,"href":"https:\/\/ffbraunau.at\/wordpress\/index.php?rest_route=%2Fwp%2Fv2%2Ftags&post=62519"}],"curies":[{"name":"wp","href":"https:\/\/api.w.org\/{rel}","templated":true}]}}