{"id":62243,"date":"2021-08-22T17:25:29","date_gmt":"2021-08-22T17:25:29","guid":{"rendered":"http:\/\/ffbraunau.at\/wordpress\/?p=62243"},"modified":"2021-08-23T16:36:02","modified_gmt":"2021-08-23T16:36:02","slug":"2021-08-22_19-25-15_te-oelspuroelaustritt","status":"publish","type":"post","link":"https:\/\/ffbraunau.at\/wordpress\/?p=62243","title":{"rendered":"22.08.2021 &#8211; TE &#8211; \u00d6LSPUR, \u00d6LAUSTRITT"},"content":{"rendered":"<section class=\"av_textblock_section \" ><div class='avia_textblock  '  ><table border=\"0\">\n<tbody>\n<tr>\n<td align=\"right\" bgcolor=\"#cccccc\" width=\"120\"><strong>Stichwort:<\/strong><\/td>\n<td bgcolor=\"#cccccc\" width=\"400\">\u00d6LSPUR, \u00d6LAUSTRITT<\/td>\n<\/tr>\n<tr>\n<td align=\"right\"><strong>Alarmstufe:<\/strong><\/td>\n<td>1<\/td>\n<\/tr>\n<tr>\n<td align=\"right\" bgcolor=\"#cccccc\"><strong>Ort:<\/strong><\/td>\n<td bgcolor=\"#cccccc\">Von der B156 \u00fcber die B148 bis zum Kreisverkehr &#8222;Jet-Tankstelle&#8220;<\/td>\n<\/tr>\n<tr>\n<td align=\"right\"><strong>Datum:<\/strong><\/td>\n<td>So, 22.08.2021 19:25 &#8211; 21:12<\/td>\n<\/tr>\n<tr>\n<td align=\"right\" bgcolor=\"#cccccc\"><strong>Dauer:<\/strong><\/td>\n<td bgcolor=\"#cccccc\">1 Stunde, 47 Minuten<\/td>\n<\/tr>\n<\/tbody>\n<\/table>\n<table>\n<tbody>\n<tr>\n<td align=\"right\" width=\"120\"><strong>Alarmierung:<\/strong><\/td>\n<td width=\"400\">Landesfeuerwehrkommando<\/td>\n<\/tr>\n<tr>\n<td align=\"right\" bgcolor=\"#cccccc\"><strong>Art:<\/strong><\/td>\n<td bgcolor=\"#cccccc\">Technischer Einsatz<\/td>\n<\/tr>\n<tr>\n<td align=\"right\"><strong>Mannst\u00e4rke:<\/strong><\/td>\n<td>15<\/td>\n<\/tr>\n<tr>\n<td align=\"right\" bgcolor=\"#cccccc\"><strong>Fahrzeuge:<\/strong><\/td>\n<td bgcolor=\"#cccccc\">Kdo2, Last1, Tank2, \u00d6l, Hoftrac<\/td>\n<\/tr>\n<tr>\n<td align=\"right\"><strong>Feuerwehren:<\/strong><\/td>\n<td>Braunau und Ranshofen<\/td>\n<\/tr>\n<\/tbody>\n<\/table>\n<table border=\"0\">\n<tbody>\n<tr>\n<td align=\"right\" valign=\"top\" width=\"120\"><strong>Beschreibung:<\/strong><\/td>\n<td>Aufgrund eines technischen Defekts an einem PKW trat \u00fcber eine l\u00e4ngere Wegstrecke \u00d6l aus. Das \u00d6l wurde mittels \u00d6lbindemittel gebunden und mit der Kehrmaschine unseres Hoftracs von der Fahrbahn beseitigt. Im Bereich des Kreisverkehrs bei der &#8222;Jet-Tankstelle&#8220; kam es dadurch zu Behinderungen. Nach fast 2 Stunden konnte die Mannschaft wieder ins Feuerwehrhaus einr\u00fccken.<\/td>\n<\/tr>\n<\/tbody>\n<\/table>\n<\/div><\/section>\n<section class=\"av_textblock_section \" ><div class='avia_textblock  '  ><\/div><\/section>\n","protected":false},"excerpt":{"rendered":"","protected":false},"author":5,"featured_media":757,"comment_status":"closed","ping_status":"open","sticky":false,"template":"","format":"standard","meta":{"footnotes":"","_links_to":"","_links_to_target":""},"categories":[280],"tags":[],"class_list":["post-62243","post","type-post","status-publish","format-standard","has-post-thumbnail","hentry","category-einsaetze-2021"],"_links":{"self":[{"href":"https:\/\/ffbraunau.at\/wordpress\/index.php?rest_route=\/wp\/v2\/posts\/62243","targetHints":{"allow":["GET"]}}],"collection":[{"href":"https:\/\/ffbraunau.at\/wordpress\/index.php?rest_route=\/wp\/v2\/posts"}],"about":[{"href":"https:\/\/ffbraunau.at\/wordpress\/index.php?rest_route=\/wp\/v2\/types\/post"}],"author":[{"embeddable":true,"href":"https:\/\/ffbraunau.at\/wordpress\/index.php?rest_route=\/wp\/v2\/users\/5"}],"replies":[{"embeddable":true,"href":"https:\/\/ffbraunau.at\/wordpress\/index.php?rest_route=%2Fwp%2Fv2%2Fcomments&post=62243"}],"version-history":[{"count":2,"href":"https:\/\/ffbraunau.at\/wordpress\/index.php?rest_route=\/wp\/v2\/posts\/62243\/revisions"}],"predecessor-version":[{"id":62517,"href":"https:\/\/ffbraunau.at\/wordpress\/index.php?rest_route=\/wp\/v2\/posts\/62243\/revisions\/62517"}],"wp:featuredmedia":[{"embeddable":true,"href":"https:\/\/ffbraunau.at\/wordpress\/index.php?rest_route=\/wp\/v2\/media\/757"}],"wp:attachment":[{"href":"https:\/\/ffbraunau.at\/wordpress\/index.php?rest_route=%2Fwp%2Fv2%2Fmedia&parent=62243"}],"wp:term":[{"taxonomy":"category","embeddable":true,"href":"https:\/\/ffbraunau.at\/wordpress\/index.php?rest_route=%2Fwp%2Fv2%2Fcategories&post=62243"},{"taxonomy":"post_tag","embeddable":true,"href":"https:\/\/ffbraunau.at\/wordpress\/index.php?rest_route=%2Fwp%2Fv2%2Ftags&post=62243"}],"curies":[{"name":"wp","href":"https:\/\/api.w.org\/{rel}","templated":true}]}}