{"id":5946,"date":"2017-10-05T22:32:33","date_gmt":"2017-10-05T22:32:33","guid":{"rendered":"http:\/\/ffbraunau.at\/wordpress\/?p=5946"},"modified":"2017-10-20T15:17:44","modified_gmt":"2017-10-20T15:17:44","slug":"07-10-2017-bundesweiter-zivilschutz-probealarm","status":"publish","type":"post","link":"https:\/\/ffbraunau.at\/wordpress\/?p=5946","title":{"rendered":"07.10.2017 &#8211; BUNDESWEITER ZIVILSCHUTZ-PROBEALARM"},"content":{"rendered":"<div class=\"flex_column av_one_full  flex_column_div av-zero-column-padding first  \" style='border-radius:0px; '><section class=\"av_textblock_section \" ><div class='avia_textblock  '  ><p>Am Samstag, den 7. Oktober 2017, wird wieder ein bundesweiter Zivilschutz-Probealarm durchgef\u00fchrt.<br \/>\nZwischen 12.00 und 12.45 Uhr werden nach dem Signal \u201eSirenenprobe\u201c die drei Zivilschutzsignale<br \/>\n\u201eWarnung\u201c, \u201eAlarm\u201c und \u201eEntwarnung\u201c in ganz \u00d6sterreich ausgestrahlt werden.<\/p>\n<div class=\"clear\" style=\"margin: 0px; padding: 0px; height: 0px; clear: both; font-size: 0px; float: none; content: '.'; box-sizing: border-box;\"><\/div>\n<div class=\"news-content\">\n<div id=\"c13425\" class=\"csc-default\">\n<p>Der Probealarm dient einerseits zur \u00dcberpr\u00fcfung der technischen Einrichtungen des Warn- und Alarmsystems,<br \/>\nandererseits soll die Bev\u00f6lkerung mit diesen Signalen und ihrer Bedeutung vertraut gemacht werden.<br \/>\nIn den Medien wird w\u00e4hrend der Proben \u00fcber den Status \u201eProbe\u201c informiert.<\/p>\n<p>\u00d6sterreich verf\u00fcgt \u00fcber ein gut ausgebautes Warn- und Alarmsystem, das vom Bundesministerium f\u00fcr Inneres<br \/>\ngemeinsam mit den \u00c4mtern der Landesregierungen und den Landes-Feuerwehrverb\u00e4nden betrieben wird.<br \/>\nDamit verf\u00fcgt \u00d6sterreich als eines von wenigen L\u00e4ndern \u00fcber eine fl\u00e4chendeckende Sirenenwarnung.<br \/>\nDie Signale k\u00f6nnen derzeit \u00fcber mehr als 8.200 Zivilschutzsirenen abgestrahlt werden.<\/p>\n<p>Die Ausl\u00f6sung der Signale kann je nach Gefahrensituation zentral von der Bundeswarnzentrale im Einsatz- und Krisenkoordinationscenter<br \/>\ndes Bundesministeriums f\u00fcr Inneres, von den Landeswarnzentralen der einzelnen Bundesl\u00e4nder, den Bezirkswarnstellen<br \/>\noder auch direkt vor Ort erfolgen.<\/p>\n<p>Quelle: HP O\u00d6LFV<\/p>\n<\/div>\n<\/div>\n<\/div><\/section><\/div>\n<div class='avia-image-container  av-styling-    avia-align-center '  ><div class='avia-image-container-inner'><img class='avia_image ' src='http:\/\/ffbraunau.at\/wordpress\/wp-content\/uploads\/2017\/10\/csm_Sirenenprobe_2017_Plakat_HQ_De_2aa769f84d.jpg' alt='' title=''   \/><\/div><\/div>\n","protected":false},"excerpt":{"rendered":"","protected":false},"author":3,"featured_media":6038,"comment_status":"closed","ping_status":"open","sticky":false,"template":"","format":"standard","meta":{"footnotes":"","_links_to":"","_links_to_target":""},"categories":[113],"tags":[],"class_list":["post-5946","post","type-post","status-publish","format-standard","has-post-thumbnail","hentry","category-berichte-2017"],"_links":{"self":[{"href":"https:\/\/ffbraunau.at\/wordpress\/index.php?rest_route=\/wp\/v2\/posts\/5946","targetHints":{"allow":["GET"]}}],"collection":[{"href":"https:\/\/ffbraunau.at\/wordpress\/index.php?rest_route=\/wp\/v2\/posts"}],"about":[{"href":"https:\/\/ffbraunau.at\/wordpress\/index.php?rest_route=\/wp\/v2\/types\/post"}],"author":[{"embeddable":true,"href":"https:\/\/ffbraunau.at\/wordpress\/index.php?rest_route=\/wp\/v2\/users\/3"}],"replies":[{"embeddable":true,"href":"https:\/\/ffbraunau.at\/wordpress\/index.php?rest_route=%2Fwp%2Fv2%2Fcomments&post=5946"}],"version-history":[{"count":3,"href":"https:\/\/ffbraunau.at\/wordpress\/index.php?rest_route=\/wp\/v2\/posts\/5946\/revisions"}],"predecessor-version":[{"id":6039,"href":"https:\/\/ffbraunau.at\/wordpress\/index.php?rest_route=\/wp\/v2\/posts\/5946\/revisions\/6039"}],"wp:featuredmedia":[{"embeddable":true,"href":"https:\/\/ffbraunau.at\/wordpress\/index.php?rest_route=\/wp\/v2\/media\/6038"}],"wp:attachment":[{"href":"https:\/\/ffbraunau.at\/wordpress\/index.php?rest_route=%2Fwp%2Fv2%2Fmedia&parent=5946"}],"wp:term":[{"taxonomy":"category","embeddable":true,"href":"https:\/\/ffbraunau.at\/wordpress\/index.php?rest_route=%2Fwp%2Fv2%2Fcategories&post=5946"},{"taxonomy":"post_tag","embeddable":true,"href":"https:\/\/ffbraunau.at\/wordpress\/index.php?rest_route=%2Fwp%2Fv2%2Ftags&post=5946"}],"curies":[{"name":"wp","href":"https:\/\/api.w.org\/{rel}","templated":true}]}}