{"id":390,"date":"2015-03-25T17:42:45","date_gmt":"2015-03-25T17:42:45","guid":{"rendered":"http:\/\/ffbraunau.at\/wordpress\/?p=390"},"modified":"2016-02-20T20:48:27","modified_gmt":"2016-02-20T20:48:27","slug":"hbm-horst-muehlbauer","status":"publish","type":"post","link":"https:\/\/ffbraunau.at\/wordpress\/?p=390","title":{"rendered":"HBM Horst M\u00fchlbauer"},"content":{"rendered":"<h2 style=\"text-align: center;\"><a href=\"http:\/\/ffbraunau.at\/wordpress\/wp-content\/uploads\/2015\/03\/Horst.jpg\" rel=\"attachment wp-att-1749\"><img loading=\"lazy\" decoding=\"async\" class=\"size-medium wp-image-1749 aligncenter\" src=\"http:\/\/ffbraunau.at\/wordpress\/wp-content\/uploads\/2015\/03\/Horst-205x300.jpg\" alt=\"Horst\" width=\"205\" height=\"300\" srcset=\"https:\/\/ffbraunau.at\/wordpress\/wp-content\/uploads\/2015\/03\/Horst-205x300.jpg 205w, https:\/\/ffbraunau.at\/wordpress\/wp-content\/uploads\/2015\/03\/Horst-450x660.jpg 450w, https:\/\/ffbraunau.at\/wordpress\/wp-content\/uploads\/2015\/03\/Horst.jpg 457w\" sizes=\"auto, (max-width: 205px) 100vw, 205px\" \/><\/a>HBM Horst M\u00fchlbauer<\/h2>\n<p style=\"text-align: center;\"><b>Jugendbetreuer der Feuerwehr Braunau<br \/>\n* 04.09.1988\u00a0\u00a0\u00a0\u00a0\u00a0\u00a0\u00a0 \u00a0+ 11.06.2010<\/b><\/p>\n<p>&nbsp;<\/p>\n<p>&nbsp;<\/p>\n<p>&nbsp;<\/p>\n<p>Am Freitag, 11.06.2010 kurz vor \u00dcbungsbeginn der Jugendgruppe wollte HBM Horst M\u00fchlbauer mit seinem Motorrad, wohl\u00a0 wegen des sch\u00f6nen Wetters, noch eine kleine Runde fahren.<\/p>\n<p>Wenig sp\u00e4ter erreichte uns die Nachricht von seinem tragischen Unfall.<br \/>\nDanke f\u00fcr die Unterst\u00fctzung unserer Mannschaft bei der Verarbeitung des Ungl\u00fccks an das KIT-Team des Roten Kreuzes Braunau sowie an unseren Feuerwehrkuraten Stefan Hofer.<\/p>\n<p>Noch genau zwei Wochen vor seinem Unfall, beim Tag der offenen T\u00fcr der Stadtfeuerwehr, welcher schwerpunktm\u00e4\u00dfig der Jugendarbeit galt, war Horst mit seiner Jugendgruppe mit Freude und Eifer bei den Vorbereitungsarbeiten und der Durchf\u00fchrung der Aktivit\u00e4ten zur Pr\u00e4sentation der Jugendarbeit der Feuerwehr zu Stelle.<\/p>\n<p>Kam. Horst M\u00fchlbauer trat in seinem 12. Lebensjahr der Jugendgruppe der Stadtfeuerwehr Braunau am 1.Februar 2000\u00a0 bei \u2013 gemeinsam mit seinem Zwillingsbruder Ralph. Am 4. M\u00e4rz 2005 wurde er in den Aktivstand angelobt.<\/p>\n<p>Er war ein sehr aktiver Feuerwehrkamerad, nahm an vielen Ein\u00e4tzen der Stadtfeuerwehr teil, auch als Mitglied des Bereitschaftsdienstes bei welchen er immer verl\u00e4sslich zur Stelle war.<\/p>\n<p>Besonders engagiert hat er sich im Lotsen- und Nachrichtendienst als Gruppenkommandant in der Lotsengruppe sowie als Mitglied der H\u00f6henretter-Gruppe.<\/p>\n<p>Bei vielen \u00dcbungen erwarb er sich das n\u00f6tige R\u00fcstzeug f\u00fcr die vielf\u00e4ltigen Aufgaben im Einsatzdienst.<br \/>\nDes weiteren besuchte er in seiner Freizeit mehrere Lehrg\u00e4nge an der Landesfeuerwehrschule sowie Ausbildungsveranstaltungen im Bezirk.<\/p>\n<p>Sowohl in seiner Zeit als Jugendmitglied sowie als Aktiver erwarb er diverse Leistungsabzeichen:<br \/>\nJugendfeuerwehr-Leistungsabzeichen in Bronze &amp; Silber, Feuerwehr-Leistungsabzeichen in Bronze &amp; Silber, Atemschutz-Leistungsabzeichen in Bronze &amp; Silber, Funk-Leistungsabzeichen in Bronze &amp; Silber und das Leistungsabzeichen f\u00fcr Technische Hilfeleistung in Bronze &amp; Silber.<\/p>\n<p>Horst blieb auch nach seiner \u00dcberstellung in den Aktivstand der Jugendgruppe aufs Engste verbunden, zuerst als Unterst\u00fctzer und Helfer des Jugendbetreuers und schlie\u00dflich ab M\u00e4rz 2010 als Jugendbetreuer der Stadtfeuerwehr Braunau.<\/p>\n<p><strong>Sein pl\u00f6tzlicher Tod hat Ihn aus unserer Mitte gerissen, wir verlieren mit Horst M\u00fchlbauer einen sehr guten Kameraden und Freund, welcher nicht nur im Feuerwehreinsatz zur Stelle war, sondern auch zu jeder Zeit f\u00fcr seine Kameraden da war wenn man ihn brauchte.<\/strong><\/p>\n<p>Zwei Tage nach seinem t\u00f6dlichen Unfall organisierte die Feuerwehr Braunau eine gemeinsame Fahrt zur Unfallstelle. Zahlreiche Feuerwehrkameraden, Freunde und Familienangeh\u00f6rige beteten gemeinsam mit unserem Kaplan Martin f\u00fcr ihn.<br \/>\nEin von einigen Feuerwehrkameraden gefertigtes Holzkreuz wurde an der Unfallstelle von seinen Br\u00fcdern aufgestellt und von der Geistlichkeit gesegnet.<\/p>\n<p style=\"text-align: center;\"><a href=\"http:\/\/ffbraunau.at\/wordpress\/wp-content\/uploads\/2015\/03\/Horst2.jpg\" rel=\"attachment wp-att-1751\"><img loading=\"lazy\" decoding=\"async\" class=\"alignnone size-medium wp-image-1751\" src=\"http:\/\/ffbraunau.at\/wordpress\/wp-content\/uploads\/2015\/03\/Horst2-227x300.jpg\" alt=\"Horst2\" width=\"227\" height=\"300\" srcset=\"https:\/\/ffbraunau.at\/wordpress\/wp-content\/uploads\/2015\/03\/Horst2-227x300.jpg 227w, https:\/\/ffbraunau.at\/wordpress\/wp-content\/uploads\/2015\/03\/Horst2.jpg 302w\" sizes=\"auto, (max-width: 227px) 100vw, 227px\" \/><\/a><\/p>\n<p>An dieser Stelle m\u00f6chten wir uns bei der Bundespolizei und bei der Feuerwehr Maria Schmolln f\u00fcr die durchgef\u00fchrte Stra\u00dfensperrung bedanken. Dadurch war es m\u00f6glich, dass \u00fcber 100 Personen an der Zeremonie bei der Unfallstelle gefahrlos teilnehmen konnten.<br \/>\nDanke auch an unseren Kaplan Martin Truttenberger f\u00fcr seine tr\u00f6stenden Worte an die Trauerfamilie und an unsere Feuerwehrkameraden.<\/p>\n","protected":false},"excerpt":{"rendered":"<p>HBM Horst M\u00fchlbauer Jugendbetreuer der Feuerwehr Braunau * 04.09.1988\u00a0\u00a0\u00a0\u00a0\u00a0\u00a0\u00a0 \u00a0+ 11.06.2010 &nbsp; &nbsp; &nbsp; Am Freitag, 11.06.2010 kurz vor \u00dcbungsbeginn der Jugendgruppe wollte HBM Horst M\u00fchlbauer mit seinem Motorrad, wohl\u00a0 wegen des sch\u00f6nen Wetters, noch eine kleine Runde fahren. Wenig sp\u00e4ter erreichte uns die Nachricht von seinem tragischen Unfall. Danke f\u00fcr die Unterst\u00fctzung unserer Mannschaft [&hellip;]<\/p>\n","protected":false},"author":3,"featured_media":1749,"comment_status":"closed","ping_status":"open","sticky":false,"template":"","format":"standard","meta":{"footnotes":"","_links_to":"","_links_to_target":""},"categories":[20],"tags":[],"class_list":["post-390","post","type-post","status-publish","format-standard","has-post-thumbnail","hentry","category-in-memoriam"],"_links":{"self":[{"href":"https:\/\/ffbraunau.at\/wordpress\/index.php?rest_route=\/wp\/v2\/posts\/390","targetHints":{"allow":["GET"]}}],"collection":[{"href":"https:\/\/ffbraunau.at\/wordpress\/index.php?rest_route=\/wp\/v2\/posts"}],"about":[{"href":"https:\/\/ffbraunau.at\/wordpress\/index.php?rest_route=\/wp\/v2\/types\/post"}],"author":[{"embeddable":true,"href":"https:\/\/ffbraunau.at\/wordpress\/index.php?rest_route=\/wp\/v2\/users\/3"}],"replies":[{"embeddable":true,"href":"https:\/\/ffbraunau.at\/wordpress\/index.php?rest_route=%2Fwp%2Fv2%2Fcomments&post=390"}],"version-history":[{"count":6,"href":"https:\/\/ffbraunau.at\/wordpress\/index.php?rest_route=\/wp\/v2\/posts\/390\/revisions"}],"predecessor-version":[{"id":1752,"href":"https:\/\/ffbraunau.at\/wordpress\/index.php?rest_route=\/wp\/v2\/posts\/390\/revisions\/1752"}],"wp:featuredmedia":[{"embeddable":true,"href":"https:\/\/ffbraunau.at\/wordpress\/index.php?rest_route=\/wp\/v2\/media\/1749"}],"wp:attachment":[{"href":"https:\/\/ffbraunau.at\/wordpress\/index.php?rest_route=%2Fwp%2Fv2%2Fmedia&parent=390"}],"wp:term":[{"taxonomy":"category","embeddable":true,"href":"https:\/\/ffbraunau.at\/wordpress\/index.php?rest_route=%2Fwp%2Fv2%2Fcategories&post=390"},{"taxonomy":"post_tag","embeddable":true,"href":"https:\/\/ffbraunau.at\/wordpress\/index.php?rest_route=%2Fwp%2Fv2%2Ftags&post=390"}],"curies":[{"name":"wp","href":"https:\/\/api.w.org\/{rel}","templated":true}]}}