{"id":29972,"date":"2020-11-03T09:06:49","date_gmt":"2020-11-03T09:06:49","guid":{"rendered":"http:\/\/ffbraunau.at\/wordpress\/?p=29972"},"modified":"2020-11-03T16:47:00","modified_gmt":"2020-11-03T16:47:00","slug":"2020-11-03_10-06-19_te-technischereinsatzklein-2","status":"publish","type":"post","link":"https:\/\/ffbraunau.at\/wordpress\/?p=29972","title":{"rendered":"03.11.2020 &#8211; TE &#8211; TECHNISCHER EINSATZ KLEIN"},"content":{"rendered":"<section class=\"av_textblock_section \" ><div class='avia_textblock  '  ><table border=\"0\">\n<tbody>\n<tr>\n<td align=\"right\" bgcolor=\"#cccccc\" width=\"120\"><strong>Stichwort:<\/strong><\/td>\n<td bgcolor=\"#cccccc\" width=\"400\">TECHNISCHER EINSATZ KLEIN<\/td>\n<\/tr>\n<tr>\n<td align=\"right\"><strong>Alarmstufe:<\/strong><\/td>\n<td>1<\/td>\n<\/tr>\n<tr>\n<td align=\"right\" bgcolor=\"#cccccc\"><strong>Ort:<\/strong><\/td>\n<td bgcolor=\"#cccccc\">Sebastianistra\u00dfe<\/td>\n<\/tr>\n<tr>\n<td align=\"right\"><strong>Datum:<\/strong><\/td>\n<td>Di, 03.11.2020 10:06 &#8211; 12:49<\/td>\n<\/tr>\n<tr>\n<td align=\"right\" bgcolor=\"#cccccc\"><strong>Dauer:<\/strong><\/td>\n<td bgcolor=\"#cccccc\">2 Stunden, 43 Minuten<\/td>\n<\/tr>\n<\/tbody>\n<\/table>\n<table>\n<tbody>\n<tr>\n<td align=\"right\" width=\"120\"><strong>Alarmierung:<\/strong><\/td>\n<td width=\"400\">Landeswarnzentrale O\u00d6<\/td>\n<\/tr>\n<tr>\n<td align=\"right\" bgcolor=\"#cccccc\"><strong>Art:<\/strong><\/td>\n<td bgcolor=\"#cccccc\">Technischer Einsatz<\/td>\n<\/tr>\n<tr>\n<td align=\"right\"><strong>Mannst\u00e4rke:<\/strong><\/td>\n<td>19 Mann<\/td>\n<\/tr>\n<tr>\n<td align=\"right\" bgcolor=\"#cccccc\"><strong>Fahrzeuge:<\/strong><\/td>\n<td bgcolor=\"#cccccc\">KDO-F 1, KDO-F 3, LAST 1, LAST 2, OEF<\/td>\n<\/tr>\n<tr>\n<td align=\"right\"><strong>Feuerwehren:<\/strong><\/td>\n<td>Braunau am Inn<\/td>\n<\/tr>\n<\/tbody>\n<\/table>\n<table border=\"0\">\n<tbody>\n<tr>\n<td align=\"right\" valign=\"top\" width=\"120\"><strong>Beschreibung:<\/strong><\/td>\n<td>&#8222;Technischer Einsatz &#8211; ca. 200 Liter Hydraulik\u00f6l in Liftschacht&#8220; lautete die Alarmierung am 03.11.2020 um 10:06 Uhr f\u00fcr die Feuerwehr Braunau. Aus einem defekten Hydraulik-Zylinder trat eine gr\u00f6\u00dfere Menge \u00d6l aus und ist in den Liftschacht geflossen. Die Mannschaft pumpte das \u00d6l mit einer Spezialpumpe aus dem Schacht.<\/p>\n<p>Text: Alexander Steinh\u00f6gl<br \/>\nFoto: Feuerwehr Braunau<\/td>\n<\/tr>\n<\/tbody>\n<\/table>\n<\/div><\/section>\n<div  data-size='no scaling'  data-lightbox_size='large'  data-animation='slide'  data-ids='29980'  data-video_counter='0'  data-autoplay='false'  data-bg_slider='false'  data-slide_height=''  data-handle='av_slideshow'  data-interval='5'  data-class=' '  data-css_id=''  data-scroll_down=''  data-control_layout='av-control-default'  data-custom_markup=''  data-perma_caption=''  data-autoplay_stopper=''  data-image_attachment=''  data-min_height='0px'  class='avia-slideshow avia-slideshow-1  av-control-default av-default-height-applied avia-slideshow-no scaling av_slideshow   avia-slide-slider ' ><ul class='avia-slideshow-inner' style='padding-bottom: 100%;'><li  class=' av-single-slide slide-1 ' ><div data-rel='slideshow-1' class='avia-slide-wrap'  ><img src='https:\/\/ffbraunau.at\/wordpress\/wp-content\/uploads\/2020\/11\/Liftschacht.jpg' width='1200' height='1200' title='Liftschacht' alt=''   \/><\/div><\/li><\/ul><\/div>\n","protected":false},"excerpt":{"rendered":"","protected":false},"author":1,"featured_media":29980,"comment_status":"closed","ping_status":"open","sticky":false,"template":"","format":"standard","meta":{"footnotes":"","_links_to":"","_links_to_target":""},"categories":[240],"tags":[],"class_list":["post-29972","post","type-post","status-publish","format-standard","has-post-thumbnail","hentry","category-einsaetze-2020"],"_links":{"self":[{"href":"https:\/\/ffbraunau.at\/wordpress\/index.php?rest_route=\/wp\/v2\/posts\/29972","targetHints":{"allow":["GET"]}}],"collection":[{"href":"https:\/\/ffbraunau.at\/wordpress\/index.php?rest_route=\/wp\/v2\/posts"}],"about":[{"href":"https:\/\/ffbraunau.at\/wordpress\/index.php?rest_route=\/wp\/v2\/types\/post"}],"author":[{"embeddable":true,"href":"https:\/\/ffbraunau.at\/wordpress\/index.php?rest_route=\/wp\/v2\/users\/1"}],"replies":[{"embeddable":true,"href":"https:\/\/ffbraunau.at\/wordpress\/index.php?rest_route=%2Fwp%2Fv2%2Fcomments&post=29972"}],"version-history":[{"count":3,"href":"https:\/\/ffbraunau.at\/wordpress\/index.php?rest_route=\/wp\/v2\/posts\/29972\/revisions"}],"predecessor-version":[{"id":29981,"href":"https:\/\/ffbraunau.at\/wordpress\/index.php?rest_route=\/wp\/v2\/posts\/29972\/revisions\/29981"}],"wp:featuredmedia":[{"embeddable":true,"href":"https:\/\/ffbraunau.at\/wordpress\/index.php?rest_route=\/wp\/v2\/media\/29980"}],"wp:attachment":[{"href":"https:\/\/ffbraunau.at\/wordpress\/index.php?rest_route=%2Fwp%2Fv2%2Fmedia&parent=29972"}],"wp:term":[{"taxonomy":"category","embeddable":true,"href":"https:\/\/ffbraunau.at\/wordpress\/index.php?rest_route=%2Fwp%2Fv2%2Fcategories&post=29972"},{"taxonomy":"post_tag","embeddable":true,"href":"https:\/\/ffbraunau.at\/wordpress\/index.php?rest_route=%2Fwp%2Fv2%2Ftags&post=29972"}],"curies":[{"name":"wp","href":"https:\/\/api.w.org\/{rel}","templated":true}]}}