{"id":29860,"date":"2020-10-12T07:50:48","date_gmt":"2020-10-12T07:50:48","guid":{"rendered":"http:\/\/ffbraunau.at\/wordpress\/?p=29860"},"modified":"2020-10-13T20:56:05","modified_gmt":"2020-10-13T20:56:05","slug":"2020-10-12_09-50-26_be-brandkfz-2","status":"publish","type":"post","link":"https:\/\/ffbraunau.at\/wordpress\/?p=29860","title":{"rendered":"12.10.2020 &#8211; BE &#8211; BRAND KFZ"},"content":{"rendered":"<section class=\"av_textblock_section \" ><div class='avia_textblock  '  ><table border=\"0\">\n<tbody>\n<tr>\n<td align=\"right\" bgcolor=\"#cccccc\" width=\"120\"><strong>Stichwort:<\/strong><\/td>\n<td bgcolor=\"#cccccc\" width=\"400\">BRAND KFZ<\/td>\n<\/tr>\n<tr>\n<td align=\"right\"><strong>Alarmstufe:<\/strong><\/td>\n<td>1<\/td>\n<\/tr>\n<tr>\n<td align=\"right\" bgcolor=\"#cccccc\"><strong>Ort:<\/strong><\/td>\n<td bgcolor=\"#cccccc\">Braunau Filzmoserwiese<\/td>\n<\/tr>\n<tr>\n<td align=\"right\"><strong>Datum:<\/strong><\/td>\n<td>Mo, 12.10.2020 09:50 &#8211; 10:30<\/td>\n<\/tr>\n<tr>\n<td align=\"right\" bgcolor=\"#cccccc\"><strong>Dauer:<\/strong><\/td>\n<td bgcolor=\"#cccccc\">39 Minuten<\/td>\n<\/tr>\n<\/tbody>\n<\/table>\n<table>\n<tbody>\n<tr>\n<td align=\"right\" width=\"120\"><strong>Alarmierung:<\/strong><\/td>\n<td width=\"400\">Landeswarnzentrale<\/td>\n<\/tr>\n<tr>\n<td align=\"right\" bgcolor=\"#cccccc\"><strong>Art:<\/strong><\/td>\n<td bgcolor=\"#cccccc\">Brandeinsatz<\/td>\n<\/tr>\n<tr>\n<td align=\"right\"><strong>Mannst\u00e4rke:<\/strong><\/td>\n<td>20<\/td>\n<\/tr>\n<tr>\n<td align=\"right\" bgcolor=\"#cccccc\"><strong>Fahrzeuge:<\/strong><\/td>\n<td bgcolor=\"#cccccc\">KDO-F1, TLF 1+2, LFB-A<\/td>\n<\/tr>\n<tr>\n<td align=\"right\"><strong>Feuerwehren:<\/strong><\/td>\n<td><a href=\"http:\/\/www.ffbraunau.at\">FF Braunau<\/a><\/td>\n<\/tr>\n<\/tbody>\n<\/table>\n<table border=\"0\">\n<tbody>\n<tr>\n<td align=\"right\" valign=\"top\" width=\"120\"><strong>Beschreibung:<\/strong><\/td>\n<td>Zu einem PKW, der aus dem Motorraum rauchte wurde die FF Braunau alarmiert.<br \/>\nDa das Fahrzeug verschlossen und kein Lenker anwesend war musste zum \u00d6ffnen der Motorhaube die Seitenscheibe eingeschlagen werden. Die Batterie wurde abgeklemmt. Der Entstehungsbrand im Motorraum konnte in k\u00fcrzester Zeit gel\u00f6scht werden. Mittels W\u00e4rmebildkamera wurde der Brandbereich nochmals kontrolliert, dann konnte die Einsatzmannschaft abr\u00fccken.<br \/>\nDurch das rasche und umsichtige Eingreifen der FF Braunau konnte der Schaden am Fahrzeug gering gehalten werden.<\/td>\n<\/tr>\n<\/tbody>\n<\/table>\n<\/div><\/section>\n<div  data-size='no scaling'  data-lightbox_size='large'  data-animation='slide'  data-ids='29878,29877,29879'  data-video_counter='0'  data-autoplay='false'  data-bg_slider='false'  data-slide_height=''  data-handle='av_slideshow'  data-interval='5'  data-class=' '  data-css_id=''  data-scroll_down=''  data-control_layout='av-control-default'  data-custom_markup=''  data-perma_caption=''  data-autoplay_stopper=''  data-image_attachment=''  data-min_height='0px'  class='avia-slideshow avia-slideshow-1  av-control-default av-default-height-applied avia-slideshow-no scaling av_slideshow   avia-slide-slider ' ><ul class='avia-slideshow-inner' style='padding-bottom: 74.812967581047%;'><li  class=' slide-1 ' ><div data-rel='slideshow-1' class='avia-slide-wrap'  ><img src='https:\/\/ffbraunau.at\/wordpress\/wp-content\/uploads\/2020\/10\/20201012_100203.jpg' width='802' height='600' title='20201012_100203' alt=''   \/><\/div><\/li><li  class=' slide-2 ' ><div data-rel='slideshow-1' class='avia-slide-wrap'  ><img src='https:\/\/ffbraunau.at\/wordpress\/wp-content\/uploads\/2020\/10\/20201012_100028.jpg' width='803' height='600' title='20201012_100028' alt=''   \/><\/div><\/li><li  class=' slide-3 ' ><div data-rel='slideshow-1' class='avia-slide-wrap'  ><img src='https:\/\/ffbraunau.at\/wordpress\/wp-content\/uploads\/2020\/10\/20201012_100343.jpg' width='801' height='600' title='20201012_100343' alt=''   \/><\/div><\/li><\/ul><div class='avia-slideshow-arrows avia-slideshow-controls'><a href='#prev' class='prev-slide' aria-hidden='true' data-av_icon='\ue87c' data-av_iconfont='entypo-fontello'>Zur\u00fcck<\/a><a href='#next' class='next-slide' aria-hidden='true' data-av_icon='\ue87d' data-av_iconfont='entypo-fontello'>Weiter<\/a><\/div><div class='avia-slideshow-dots avia-slideshow-controls'><a href='#1' class='goto-slide active' >1<\/a><a href='#2' class='goto-slide ' >2<\/a><a href='#3' class='goto-slide ' >3<\/a><\/div><\/div>\n","protected":false},"excerpt":{"rendered":"","protected":false},"author":1,"featured_media":29878,"comment_status":"closed","ping_status":"open","sticky":false,"template":"","format":"standard","meta":{"footnotes":"","_links_to":"","_links_to_target":""},"categories":[240],"tags":[],"class_list":["post-29860","post","type-post","status-publish","format-standard","has-post-thumbnail","hentry","category-einsaetze-2020"],"_links":{"self":[{"href":"https:\/\/ffbraunau.at\/wordpress\/index.php?rest_route=\/wp\/v2\/posts\/29860","targetHints":{"allow":["GET"]}}],"collection":[{"href":"https:\/\/ffbraunau.at\/wordpress\/index.php?rest_route=\/wp\/v2\/posts"}],"about":[{"href":"https:\/\/ffbraunau.at\/wordpress\/index.php?rest_route=\/wp\/v2\/types\/post"}],"author":[{"embeddable":true,"href":"https:\/\/ffbraunau.at\/wordpress\/index.php?rest_route=\/wp\/v2\/users\/1"}],"replies":[{"embeddable":true,"href":"https:\/\/ffbraunau.at\/wordpress\/index.php?rest_route=%2Fwp%2Fv2%2Fcomments&post=29860"}],"version-history":[{"count":3,"href":"https:\/\/ffbraunau.at\/wordpress\/index.php?rest_route=\/wp\/v2\/posts\/29860\/revisions"}],"predecessor-version":[{"id":30108,"href":"https:\/\/ffbraunau.at\/wordpress\/index.php?rest_route=\/wp\/v2\/posts\/29860\/revisions\/30108"}],"wp:featuredmedia":[{"embeddable":true,"href":"https:\/\/ffbraunau.at\/wordpress\/index.php?rest_route=\/wp\/v2\/media\/29878"}],"wp:attachment":[{"href":"https:\/\/ffbraunau.at\/wordpress\/index.php?rest_route=%2Fwp%2Fv2%2Fmedia&parent=29860"}],"wp:term":[{"taxonomy":"category","embeddable":true,"href":"https:\/\/ffbraunau.at\/wordpress\/index.php?rest_route=%2Fwp%2Fv2%2Fcategories&post=29860"},{"taxonomy":"post_tag","embeddable":true,"href":"https:\/\/ffbraunau.at\/wordpress\/index.php?rest_route=%2Fwp%2Fv2%2Ftags&post=29860"}],"curies":[{"name":"wp","href":"https:\/\/api.w.org\/{rel}","templated":true}]}}