{"id":1470,"date":"2016-01-03T17:01:12","date_gmt":"2016-01-03T17:01:12","guid":{"rendered":"http:\/\/ffbraunau.at\/wordpress\/?p=1470"},"modified":"2016-02-21T17:40:09","modified_gmt":"2016-02-21T17:40:09","slug":"einsatzbilanz-2015-der-ff-braunau","status":"publish","type":"post","link":"https:\/\/ffbraunau.at\/wordpress\/?p=1470","title":{"rendered":"Einsatzbilanz 2015 der FF Braunau"},"content":{"rendered":"<p><strong><u>Im Rekordeinsatzjahr 56 Menschen gerettet<\/u><\/strong><\/p>\n<p><strong>Die Freiwillige Feuerwehr der Stadt Braunau wurde 2015 zu insgesamt 622 Eins\u00e4tzen gerufen. Diese verteilten sich auf 408 technische Eins\u00e4tze, 77 Brandeins\u00e4tze sowie 137 Eins\u00e4tze f\u00fcr den vorbeugenden Brandschutz. <\/strong><\/p>\n<p><strong><u>Das sind um 106 Eins\u00e4tze mehr als im Jahr 2014<\/u><\/strong><u>.<\/u><\/p>\n<p>Das bedeutet rechnerisch t\u00e4glich 1,7 Eins\u00e4tze f\u00fcr die Feuerwehr Braunau!<\/p>\n<p><span style=\"color: #ff0000;\">Bei diesen 622 Eins\u00e4ten konnten die 107 Mitglieder der Freiwilligen Feuerwehr Braunau 56 Menschen, 10 Tiere und Sachwerte um gesch\u00e4tzte 21 Millionen Euro retten.<\/span><\/p>\n<p><strong>Ein besonders dramatischer Brandeinsatz ereignete sich am 12 Mai.<br \/>\n<a href=\"http:\/\/ffbraunau.at\/wordpress\/wp-content\/uploads\/2016\/01\/k-IMGP2203.jpg\" rel=\"attachment wp-att-1473\"><img loading=\"lazy\" decoding=\"async\" class=\"alignnone size-medium wp-image-1473\" src=\"http:\/\/ffbraunau.at\/wordpress\/wp-content\/uploads\/2016\/01\/k-IMGP2203-300x225.jpg\" alt=\"k-IMGP2203\" width=\"300\" height=\"225\" srcset=\"https:\/\/ffbraunau.at\/wordpress\/wp-content\/uploads\/2016\/01\/k-IMGP2203-300x225.jpg 300w, https:\/\/ffbraunau.at\/wordpress\/wp-content\/uploads\/2016\/01\/k-IMGP2203-768x576.jpg 768w, https:\/\/ffbraunau.at\/wordpress\/wp-content\/uploads\/2016\/01\/k-IMGP2203-705x529.jpg 705w, https:\/\/ffbraunau.at\/wordpress\/wp-content\/uploads\/2016\/01\/k-IMGP2203-450x338.jpg 450w, https:\/\/ffbraunau.at\/wordpress\/wp-content\/uploads\/2016\/01\/k-IMGP2203.jpg 800w\" sizes=\"auto, (max-width: 300px) 100vw, 300px\" \/><\/a><\/strong><br \/>\nUm 02:38 Uhr brach in einer Wohnung im Erdgescho\u00df eines 4 st\u00f6ckigen Mehrparteienhauses in der Braunauer Verladestra\u00dfe ein Feuer aus. Innerhalb k\u00fcrzester Zeit war das gesamte Geb\u00e4ude stark verraucht. Die FF Braunau konnte 27 Personen teilweise in letzter Sekunde aus ihren verrauchten Wohnungen retteten.<\/p>\n<p><strong>Auch auf dem Inn war die Freiwillige Feuerwehr Braunau gefordert:<\/strong><br \/>\n<a href=\"http:\/\/ffbraunau.at\/wordpress\/wp-content\/uploads\/2015\/11\/k-IMGL1794.jpg\" rel=\"attachment wp-att-1247\"><img loading=\"lazy\" decoding=\"async\" class=\"alignnone size-medium wp-image-1247\" src=\"http:\/\/ffbraunau.at\/wordpress\/wp-content\/uploads\/2015\/11\/k-IMGL1794-300x205.jpg\" alt=\"k-IMGL1794\" width=\"300\" height=\"205\" \/><\/a><br \/>\nBei zwei dramatischen Personenrettungseins\u00e4tzen konnten 3 Menschen aus dem Inn gerettet werden.<\/p>\n<p><strong>Ein Gro\u00dfereignis f\u00fcr FF Braunau warf 2015 seinen Schatten voraus:<\/strong><br \/>\n<a href=\"http:\/\/ffbraunau.at\/wordpress\/wp-content\/uploads\/2015\/12\/LOGO_Fest_2016_low.jpg\" rel=\"attachment wp-att-978\"><img loading=\"lazy\" decoding=\"async\" class=\"alignnone size-medium wp-image-978\" src=\"http:\/\/ffbraunau.at\/wordpress\/wp-content\/uploads\/2015\/12\/LOGO_Fest_2016_low-300x300.jpg\" alt=\"LOGO_Fest_2016_low\" width=\"300\" height=\"300\" srcset=\"https:\/\/ffbraunau.at\/wordpress\/wp-content\/uploads\/2015\/12\/LOGO_Fest_2016_low-300x300.jpg 300w, https:\/\/ffbraunau.at\/wordpress\/wp-content\/uploads\/2015\/12\/LOGO_Fest_2016_low-80x80.jpg 80w, https:\/\/ffbraunau.at\/wordpress\/wp-content\/uploads\/2015\/12\/LOGO_Fest_2016_low-36x36.jpg 36w, https:\/\/ffbraunau.at\/wordpress\/wp-content\/uploads\/2015\/12\/LOGO_Fest_2016_low-180x180.jpg 180w, https:\/\/ffbraunau.at\/wordpress\/wp-content\/uploads\/2015\/12\/LOGO_Fest_2016_low-705x705.jpg 705w, https:\/\/ffbraunau.at\/wordpress\/wp-content\/uploads\/2015\/12\/LOGO_Fest_2016_low-120x120.jpg 120w, https:\/\/ffbraunau.at\/wordpress\/wp-content\/uploads\/2015\/12\/LOGO_Fest_2016_low-450x450.jpg 450w, https:\/\/ffbraunau.at\/wordpress\/wp-content\/uploads\/2015\/12\/LOGO_Fest_2016_low.jpg 797w\" sizes=\"auto, (max-width: 300px) 100vw, 300px\" \/><\/a><br \/>\nAm 21. Mai 2016 und am\u00a022. Mai 2016 feiern die Feuerwehren Braunau und Simbach gemeinsam das 150-j\u00e4hrige Bestehen. Die Vorbereitungsarbeiten zu dem 2-t\u00e4gigen Fest laufen bereits auf Hochtouren.<\/p>\n","protected":false},"excerpt":{"rendered":"<p>Im Rekordeinsatzjahr 56 Menschen gerettet Die Freiwillige Feuerwehr der Stadt Braunau wurde 2015 zu insgesamt 622 Eins\u00e4tzen gerufen. Diese verteilten sich auf 408 technische Eins\u00e4tze, 77 Brandeins\u00e4tze sowie 137 Eins\u00e4tze f\u00fcr den vorbeugenden Brandschutz. Das sind um 106 Eins\u00e4tze mehr als im Jahr 2014. Das bedeutet rechnerisch t\u00e4glich 1,7 Eins\u00e4tze f\u00fcr die Feuerwehr Braunau! Bei [&hellip;]<\/p>\n","protected":false},"author":4,"featured_media":1484,"comment_status":"closed","ping_status":"open","sticky":false,"template":"","format":"standard","meta":{"footnotes":"","_links_to":"","_links_to_target":""},"categories":[33],"tags":[],"class_list":["post-1470","post","type-post","status-publish","format-standard","has-post-thumbnail","hentry","category-berichte-2016"],"_links":{"self":[{"href":"https:\/\/ffbraunau.at\/wordpress\/index.php?rest_route=\/wp\/v2\/posts\/1470","targetHints":{"allow":["GET"]}}],"collection":[{"href":"https:\/\/ffbraunau.at\/wordpress\/index.php?rest_route=\/wp\/v2\/posts"}],"about":[{"href":"https:\/\/ffbraunau.at\/wordpress\/index.php?rest_route=\/wp\/v2\/types\/post"}],"author":[{"embeddable":true,"href":"https:\/\/ffbraunau.at\/wordpress\/index.php?rest_route=\/wp\/v2\/users\/4"}],"replies":[{"embeddable":true,"href":"https:\/\/ffbraunau.at\/wordpress\/index.php?rest_route=%2Fwp%2Fv2%2Fcomments&post=1470"}],"version-history":[{"count":1,"href":"https:\/\/ffbraunau.at\/wordpress\/index.php?rest_route=\/wp\/v2\/posts\/1470\/revisions"}],"predecessor-version":[{"id":1481,"href":"https:\/\/ffbraunau.at\/wordpress\/index.php?rest_route=\/wp\/v2\/posts\/1470\/revisions\/1481"}],"wp:featuredmedia":[{"embeddable":true,"href":"https:\/\/ffbraunau.at\/wordpress\/index.php?rest_route=\/wp\/v2\/media\/1484"}],"wp:attachment":[{"href":"https:\/\/ffbraunau.at\/wordpress\/index.php?rest_route=%2Fwp%2Fv2%2Fmedia&parent=1470"}],"wp:term":[{"taxonomy":"category","embeddable":true,"href":"https:\/\/ffbraunau.at\/wordpress\/index.php?rest_route=%2Fwp%2Fv2%2Fcategories&post=1470"},{"taxonomy":"post_tag","embeddable":true,"href":"https:\/\/ffbraunau.at\/wordpress\/index.php?rest_route=%2Fwp%2Fv2%2Ftags&post=1470"}],"curies":[{"name":"wp","href":"https:\/\/api.w.org\/{rel}","templated":true}]}}