{"id":105077,"date":"2026-03-08T07:12:01","date_gmt":"2026-03-08T07:12:01","guid":{"rendered":"https:\/\/ffbraunau.at\/wordpress\/?p=105077"},"modified":"2026-03-08T07:14:11","modified_gmt":"2026-03-08T07:14:11","slug":"08-03-2026-brand-pkw-im-freien","status":"publish","type":"post","link":"https:\/\/ffbraunau.at\/wordpress\/?p=105077","title":{"rendered":"08.03.2026: Brand PKW im Freien"},"content":{"rendered":"<div class=\"flex_column av_one_full  flex_column_div av-zero-column-padding first  \" style='border-radius:0px; '><section class=\"av_textblock_section \" ><div class='avia_textblock  '  ><table style=\"border: 0px none; width: 82.103%; height: 132px;\">\n<tbody>\n<tr style=\"line-height: 12px; height: 24px;\">\n<td style=\"width: 20%; background: #303030; color: #ffffff; font-weight: bold; border: 0px none; height: 24px;\" align=\"right\">Stichwort:<\/td>\n<td style=\"background: #303030; color: #ffffff; border: 0px none; height: 24px; width: 79.4314%;\">Brand PKW im Freien<\/td>\n<\/tr>\n<tr style=\"line-height: 12px; height: 12px;\">\n<td style=\"color: #303030; font-weight: bold; border: 0px none; height: 12px; width: 20%;\" align=\"right\">Alarmstufe:<\/td>\n<td style=\"color: #303030; border: 0px none; height: 12px; width: 79.4314%;\">1<\/td>\n<\/tr>\n<tr style=\"line-height: 12px; height: 12px;\">\n<td style=\"background: #303030; color: #ffffff; font-weight: bold; border: 0px none; height: 12px; width: 20%;\" align=\"right\">Ort:<\/td>\n<td style=\"background: #303030; color: #ffffff; border: 0px none; height: 12px; width: 79.4314%;\">Lerchenfeldgasse<\/td>\n<\/tr>\n<tr style=\"line-height: 12px; height: 12px;\">\n<td style=\"color: #303030; font-weight: bold; border: 0px none; height: 12px; width: 20%;\" align=\"right\">Datum:<\/td>\n<td style=\"color: #303030; border: 0px none; height: 12px; width: 79.4314%;\">So, 08.03.2026 02:32 &#8211; 04:07<\/td>\n<\/tr>\n<tr style=\"line-height: 12px; height: 12px;\">\n<td style=\"background: #303030; color: #ffffff; font-weight: bold; border: 0px none; height: 12px; width: 20%;\" align=\"right\">Dauer:<\/td>\n<td style=\"background: #303030; color: #ffffff; border: 0px none; height: 12px; width: 79.4314%;\">1 Stunde, 35 Minuten<\/td>\n<\/tr>\n<tr style=\"line-height: 12px; height: 12px;\">\n<td style=\"color: #303030; font-weight: bold; border: 0px none; height: 12px; width: 20%;\" align=\"right\">Alarmierung:<\/td>\n<td style=\"color: #303030; border: 0px none; height: 12px; width: 79.4314%;\">Landeswarnzentrale O\u00d6<\/td>\n<\/tr>\n<tr style=\"line-height: 12px; height: 12px;\">\n<td style=\"background: #303030; color: #ffffff; font-weight: bold; border: 0px none; height: 12px; width: 20%;\" align=\"right\">Art:<\/td>\n<td style=\"background: #303030; color: #ffffff; border: 0px none; height: 12px; width: 79.4314%;\">Brandeinsatz<\/td>\n<\/tr>\n<tr style=\"line-height: 12px; height: 12px;\">\n<td style=\"color: #303030; font-weight: bold; border: 0px none; height: 12px; width: 20%;\" align=\"right\">Mannst\u00e4rke:<\/td>\n<td style=\"color: #303030; border: 0px none; height: 12px; width: 79.4314%;\">folgt<\/td>\n<\/tr>\n<tr style=\"line-height: 12px; height: 12px;\">\n<td style=\"background: #303030; color: #ffffff; font-weight: bold; border: 0px none; height: 12px; width: 20%;\" align=\"right\">Fahrzeuge:<\/td>\n<td style=\"background: #303030; color: #ffffff; border: 0px none; height: 12px; width: 79.4314%;\">KDO-F 1, TANK 1, TANK 2, KLF<\/td>\n<\/tr>\n<tr style=\"line-height: 12px; height: 12px;\">\n<td style=\"color: #303030; font-weight: bold; border: 0px none; height: 12px; width: 20%;\" align=\"right\">Feuerwehren:<\/td>\n<td style=\"color: #303030; border: 0px none; height: 12px; width: 79.4314%;\">Braunau am Inn<\/td>\n<\/tr>\n<\/tbody>\n<\/table>\n<table style=\"border: 0;\">\n<tbody>\n<tr style=\"line-height: 12px;\">\n<td style=\"background: #303030; color: #ffffff; font-weight: bold; border: 0; width: 100%;\" align=\"left\">Beschreibung:<\/td>\n<\/tr>\n<\/tbody>\n<\/table>\n<div class=\"x14z9mp xat24cr x1lziwak x1vvkbs xtlvy1s x126k92a\">\n<div dir=\"auto\">\n<p>Am 08.03.2026 um 02:32 Uhr wurde die Feuerwehr Braunau zu einem Brand von einem PKW alarmiert.<\/p>\n<\/div>\n<\/div>\n<div class=\"x14z9mp xat24cr x1lziwak x1vvkbs xtlvy1s x126k92a\">\n<div dir=\"auto\">\n<p>Beim Eintreffen am Einsatzort stand das Fahrzeug im Bereich des Motors bereits in Vollbrand. Die L\u00f6schma\u00dfnahmen mit einem HD-Rohr unter schwerem Atemschutz zeigten rasch Wirkung. Abschlie\u00dfend wurde das Fahrzeug, sowie das angrenzende Geb\u00e4ude mit der W\u00e4rmebildkamera kontrolliert.<\/p>\n<\/div>\n<\/div>\n<div class=\"x14z9mp xat24cr x1lziwak x1vvkbs xtlvy1s x126k92a\">\n<div dir=\"auto\">\n<p>Neben der Feuerwehr Braunau standen auch das Rote Kreuz, sowie die Bundespolizei im Einsatz.<\/p>\n<\/div>\n<\/div>\n<div class=\"x14z9mp xat24cr x1lziwak x1vvkbs xtlvy1s x126k92a\">\n<div dir=\"auto\">Text: Alexander Steinh\u00f6gl<\/div>\n<div dir=\"auto\">Fotos: Feuerwehr Braunau<\/div>\n<\/div>\n<\/div><\/section><br \/>\n<div  data-size='no scaling'  data-lightbox_size='large'  data-animation='slide'  data-ids='105080,105081,105082,105083'  data-video_counter='0'  data-autoplay='false'  data-bg_slider='false'  data-slide_height=''  data-handle='av_slideshow'  data-interval='5'  data-class=' '  data-css_id=''  data-scroll_down=''  data-control_layout='av-control-default'  data-custom_markup=''  data-perma_caption=''  data-autoplay_stopper=''  data-image_attachment=''  data-min_height='0px'  class='avia-slideshow avia-slideshow-1  av-control-default av-default-height-applied avia-slideshow-no scaling av_slideshow   avia-slide-slider ' ><ul class='avia-slideshow-inner' style='padding-bottom: 75%;'><li  class=' slide-1 ' ><div data-rel='slideshow-1' class='avia-slide-wrap'  ><img src='https:\/\/ffbraunau.at\/wordpress\/wp-content\/uploads\/2026\/03\/01.jpg' width='1440' height='1080' title='01' alt=''   \/><\/div><\/li><li  class=' slide-2 ' ><div data-rel='slideshow-1' class='avia-slide-wrap'  ><img src='https:\/\/ffbraunau.at\/wordpress\/wp-content\/uploads\/2026\/03\/02.jpg' width='1440' height='1078' title='02' alt=''   \/><\/div><\/li><li  class=' slide-3 ' ><div data-rel='slideshow-1' class='avia-slide-wrap'  ><img src='https:\/\/ffbraunau.at\/wordpress\/wp-content\/uploads\/2026\/03\/03.jpg' width='1200' height='898' title='03' alt=''   \/><\/div><\/li><li  class=' slide-4 ' ><div data-rel='slideshow-1' class='avia-slide-wrap'  ><img src='https:\/\/ffbraunau.at\/wordpress\/wp-content\/uploads\/2026\/03\/04.jpg' width='1440' height='1078' title='04' alt=''   \/><\/div><\/li><\/ul><div class='avia-slideshow-arrows avia-slideshow-controls'><a href='#prev' class='prev-slide' aria-hidden='true' data-av_icon='\ue87c' data-av_iconfont='entypo-fontello'>Zur\u00fcck<\/a><a href='#next' class='next-slide' aria-hidden='true' data-av_icon='\ue87d' data-av_iconfont='entypo-fontello'>Weiter<\/a><\/div><div class='avia-slideshow-dots avia-slideshow-controls'><a href='#1' class='goto-slide active' >1<\/a><a href='#2' class='goto-slide ' >2<\/a><a href='#3' class='goto-slide ' >3<\/a><a href='#4' class='goto-slide ' >4<\/a><\/div><\/div><\/p><\/div>\n","protected":false},"excerpt":{"rendered":"","protected":false},"author":3,"featured_media":105080,"comment_status":"closed","ping_status":"open","sticky":false,"template":"","format":"standard","meta":{"footnotes":"","_links_to":"","_links_to_target":""},"categories":[295],"tags":[],"class_list":["post-105077","post","type-post","status-publish","format-standard","has-post-thumbnail","hentry","category-einsaetze-2026"],"_links":{"self":[{"href":"https:\/\/ffbraunau.at\/wordpress\/index.php?rest_route=\/wp\/v2\/posts\/105077","targetHints":{"allow":["GET"]}}],"collection":[{"href":"https:\/\/ffbraunau.at\/wordpress\/index.php?rest_route=\/wp\/v2\/posts"}],"about":[{"href":"https:\/\/ffbraunau.at\/wordpress\/index.php?rest_route=\/wp\/v2\/types\/post"}],"author":[{"embeddable":true,"href":"https:\/\/ffbraunau.at\/wordpress\/index.php?rest_route=\/wp\/v2\/users\/3"}],"replies":[{"embeddable":true,"href":"https:\/\/ffbraunau.at\/wordpress\/index.php?rest_route=%2Fwp%2Fv2%2Fcomments&post=105077"}],"version-history":[{"count":3,"href":"https:\/\/ffbraunau.at\/wordpress\/index.php?rest_route=\/wp\/v2\/posts\/105077\/revisions"}],"predecessor-version":[{"id":105079,"href":"https:\/\/ffbraunau.at\/wordpress\/index.php?rest_route=\/wp\/v2\/posts\/105077\/revisions\/105079"}],"wp:featuredmedia":[{"embeddable":true,"href":"https:\/\/ffbraunau.at\/wordpress\/index.php?rest_route=\/wp\/v2\/media\/105080"}],"wp:attachment":[{"href":"https:\/\/ffbraunau.at\/wordpress\/index.php?rest_route=%2Fwp%2Fv2%2Fmedia&parent=105077"}],"wp:term":[{"taxonomy":"category","embeddable":true,"href":"https:\/\/ffbraunau.at\/wordpress\/index.php?rest_route=%2Fwp%2Fv2%2Fcategories&post=105077"},{"taxonomy":"post_tag","embeddable":true,"href":"https:\/\/ffbraunau.at\/wordpress\/index.php?rest_route=%2Fwp%2Fv2%2Ftags&post=105077"}],"curies":[{"name":"wp","href":"https:\/\/api.w.org\/{rel}","templated":true}]}}