{"id":105070,"date":"2026-03-02T12:08:53","date_gmt":"2026-03-02T12:08:53","guid":{"rendered":"https:\/\/ffbraunau.at\/wordpress\/?p=105070"},"modified":"2026-03-02T12:20:02","modified_gmt":"2026-03-02T12:20:02","slug":"02-03-2026-brand-elektroanlage-in-gebaeude","status":"publish","type":"post","link":"https:\/\/ffbraunau.at\/wordpress\/?p=105070","title":{"rendered":"02.03.2026: Brand Elektroanlage in Geb\u00e4ude"},"content":{"rendered":"<div class=\"flex_column av_one_full  flex_column_div av-zero-column-padding first  \" style='border-radius:0px; '><section class=\"av_textblock_section \" ><div class='avia_textblock  '  ><table style=\"border: 0px none; width: 55.4886%; height: 132px;\">\n<tbody>\n<tr style=\"line-height: 12px; height: 24px;\">\n<td style=\"width: 20%; background: #303030; color: #ffffff; font-weight: bold; border: 0px none; height: 24px;\" align=\"right\">Stichwort:<\/td>\n<td style=\"background: #303030; color: #ffffff; border: 0px none; height: 24px;\">Brand Elektroanlage in Geb\u00e4ude<\/td>\n<\/tr>\n<tr style=\"line-height: 12px; height: 12px;\">\n<td style=\"color: #303030; font-weight: bold; border: 0px none; height: 12px;\" align=\"right\">Alarmstufe:<\/td>\n<td style=\"color: #303030; border: 0px none; height: 12px;\">1<\/td>\n<\/tr>\n<tr style=\"line-height: 12px; height: 12px;\">\n<td style=\"background: #303030; color: #ffffff; font-weight: bold; border: 0px none; height: 12px;\" align=\"right\">Ort:<\/td>\n<td style=\"background: #303030; color: #ffffff; border: 0px none; height: 12px;\">H\u00f6fter Stra\u00dfe<\/td>\n<\/tr>\n<tr style=\"line-height: 12px; height: 12px;\">\n<td style=\"color: #303030; font-weight: bold; border: 0px none; height: 12px;\" align=\"right\">Datum:<\/td>\n<td style=\"color: #303030; border: 0px none; height: 12px;\">Mo, 02.03.2026 09:31 &#8211; 10:17<\/td>\n<\/tr>\n<tr style=\"line-height: 12px; height: 12px;\">\n<td style=\"background: #303030; color: #ffffff; font-weight: bold; border: 0px none; height: 12px;\" align=\"right\">Dauer:<\/td>\n<td style=\"background: #303030; color: #ffffff; border: 0px none; height: 12px;\">46 Minuten<\/td>\n<\/tr>\n<tr style=\"line-height: 12px; height: 12px;\">\n<td style=\"color: #303030; font-weight: bold; border: 0px none; height: 12px;\" align=\"right\">Alarmierung:<\/td>\n<td style=\"color: #303030; border: 0px none; height: 12px;\">Landeswarnzentrale O\u00d6<\/td>\n<\/tr>\n<tr style=\"line-height: 12px; height: 12px;\">\n<td style=\"background: #303030; color: #ffffff; font-weight: bold; border: 0px none; height: 12px;\" align=\"right\">Art:<\/td>\n<td style=\"background: #303030; color: #ffffff; border: 0px none; height: 12px;\">Brandeinsatz<\/td>\n<\/tr>\n<tr style=\"line-height: 12px; height: 12px;\">\n<td style=\"color: #303030; font-weight: bold; border: 0px none; height: 12px;\" align=\"right\">Mannst\u00e4rke:<\/td>\n<td style=\"color: #303030; border: 0px none; height: 12px;\">folgt<\/td>\n<\/tr>\n<tr style=\"line-height: 12px; height: 12px;\">\n<td style=\"background: #303030; color: #ffffff; font-weight: bold; border: 0px none; height: 12px;\" align=\"right\">Fahrzeuge:<\/td>\n<td style=\"background: #303030; color: #ffffff; border: 0px none; height: 12px;\">KDO-F 2, TANK 1, DLK<\/td>\n<\/tr>\n<tr style=\"line-height: 12px; height: 12px;\">\n<td style=\"color: #303030; font-weight: bold; border: 0px none; height: 12px;\" align=\"right\">Feuerwehren:<\/td>\n<td style=\"color: #303030; border: 0px none; height: 12px;\">Aching, Braunau, Haselbach<\/td>\n<\/tr>\n<\/tbody>\n<\/table>\n<table style=\"border: 0;\">\n<tbody>\n<tr style=\"line-height: 12px;\">\n<td style=\"background: #303030; color: #ffffff; font-weight: bold; border: 0; width: 100%;\" align=\"left\">Beschreibung:<\/td>\n<\/tr>\n<\/tbody>\n<\/table>\n<p data-start=\"52\" data-end=\"289\">Am 02.03.2026 um 09:31 Uhr wurde die Feuerwehr Braunau gemeinsam mit den <span class=\"hover:entity-accent entity-underline inline cursor-pointer align-baseline\"><span class=\"whitespace-normal\">Feuerwehren Aching und<\/span><\/span> <span class=\"hover:entity-accent entity-underline inline cursor-pointer align-baseline\"><span class=\"whitespace-normal\">Haselbach<\/span><\/span> zu einem Brandereignis in der Volksschule im Ortsteil Laab alarmiert.<\/p>\n<p data-start=\"291\" data-end=\"648\">Aus bislang ungekl\u00e4rter Ursache kam es zu einem Brand eines Elektroverteilerkastens. Durch das rasche und besonnene Eingreifen von Gemeindemitarbeitern \u2013 darunter ein Mitglied der Feuerwehr Braunau \u2013 konnte der Brand bereits vor dem Eintreffen der Feuerwehren gel\u00f6scht bzw. unter Kontrolle gehalten werden. Dadurch wurde eine weitere Ausbreitung verhindert.<\/p>\n<p data-start=\"650\" data-end=\"790\">Die Schule wurde vorbildlich evakuiert, alle Sch\u00fclerinnen und Sch\u00fcler sowie das Lehrpersonal konnten das Geb\u00e4ude rasch und sicher verlassen.<\/p>\n<p data-start=\"792\" data-end=\"1050\">Nach dem Eintreffen f\u00fchrten die eingesetzten Feuerwehren umfassende Bel\u00fcftungsma\u00dfnahmen durch und kontrollierten den betroffenen Bereich sowie angrenzende R\u00e4ume mit einer W\u00e4rmebildkamera.<\/p>\n<p data-start=\"1052\" data-end=\"1172\" data-is-last-node=\"\" data-is-only-node=\"\">Im Einsatz standen neben den Feuerwehren auch das Rote Kreuz, sowie die Bundespolizei. Wir bedanken uns bei allen eingesetzten Einsatzkr\u00e4ften f\u00fcr die hervorragende Zusammenarbeit.<\/p>\n<p>Text: Alexander Steinh\u00f6gl<br \/>\nFotos: Feuerwehr Braunau<\/p>\n<\/div><\/section><br \/>\n<div  data-size='no scaling'  data-lightbox_size='large'  data-animation='slide'  data-ids='105067,105068,105069'  data-video_counter='0'  data-autoplay='false'  data-bg_slider='false'  data-slide_height=''  data-handle='av_slideshow'  data-interval='5'  data-class=' '  data-css_id=''  data-scroll_down=''  data-control_layout='av-control-default'  data-custom_markup=''  data-perma_caption=''  data-autoplay_stopper=''  data-image_attachment=''  data-min_height='0px'  class='avia-slideshow avia-slideshow-1  av-control-default av-default-height-applied avia-slideshow-no scaling av_slideshow   avia-slide-slider ' ><ul class='avia-slideshow-inner' style='padding-bottom: 75.027262813522%;'><li  class=' slide-1 ' ><div data-rel='slideshow-1' class='avia-slide-wrap'  ><img src='https:\/\/ffbraunau.at\/wordpress\/wp-content\/uploads\/2026\/03\/VS1.jpg' width='917' height='688' title='VS1' alt=''   \/><\/div><\/li><li  class=' slide-2 ' ><div data-rel='slideshow-1' class='avia-slide-wrap'  ><img src='https:\/\/ffbraunau.at\/wordpress\/wp-content\/uploads\/2026\/03\/VS2.jpg' width='900' height='675' title='VS2' alt=''   \/><\/div><\/li><li  class=' slide-3 ' ><div data-rel='slideshow-1' class='avia-slide-wrap'  ><img src='https:\/\/ffbraunau.at\/wordpress\/wp-content\/uploads\/2026\/03\/VS3.jpg' width='1200' height='900' title='VS3' alt=''   \/><\/div><\/li><\/ul><div class='avia-slideshow-arrows avia-slideshow-controls'><a href='#prev' class='prev-slide' aria-hidden='true' data-av_icon='\ue87c' data-av_iconfont='entypo-fontello'>Zur\u00fcck<\/a><a href='#next' class='next-slide' aria-hidden='true' data-av_icon='\ue87d' data-av_iconfont='entypo-fontello'>Weiter<\/a><\/div><div class='avia-slideshow-dots avia-slideshow-controls'><a href='#1' class='goto-slide active' >1<\/a><a href='#2' class='goto-slide ' >2<\/a><a href='#3' class='goto-slide ' >3<\/a><\/div><\/div><\/p><\/div>\n","protected":false},"excerpt":{"rendered":"","protected":false},"author":3,"featured_media":105067,"comment_status":"closed","ping_status":"open","sticky":false,"template":"","format":"standard","meta":{"footnotes":"","_links_to":"","_links_to_target":""},"categories":[295],"tags":[],"class_list":["post-105070","post","type-post","status-publish","format-standard","has-post-thumbnail","hentry","category-einsaetze-2026"],"_links":{"self":[{"href":"https:\/\/ffbraunau.at\/wordpress\/index.php?rest_route=\/wp\/v2\/posts\/105070","targetHints":{"allow":["GET"]}}],"collection":[{"href":"https:\/\/ffbraunau.at\/wordpress\/index.php?rest_route=\/wp\/v2\/posts"}],"about":[{"href":"https:\/\/ffbraunau.at\/wordpress\/index.php?rest_route=\/wp\/v2\/types\/post"}],"author":[{"embeddable":true,"href":"https:\/\/ffbraunau.at\/wordpress\/index.php?rest_route=\/wp\/v2\/users\/3"}],"replies":[{"embeddable":true,"href":"https:\/\/ffbraunau.at\/wordpress\/index.php?rest_route=%2Fwp%2Fv2%2Fcomments&post=105070"}],"version-history":[{"count":5,"href":"https:\/\/ffbraunau.at\/wordpress\/index.php?rest_route=\/wp\/v2\/posts\/105070\/revisions"}],"predecessor-version":[{"id":105072,"href":"https:\/\/ffbraunau.at\/wordpress\/index.php?rest_route=\/wp\/v2\/posts\/105070\/revisions\/105072"}],"wp:featuredmedia":[{"embeddable":true,"href":"https:\/\/ffbraunau.at\/wordpress\/index.php?rest_route=\/wp\/v2\/media\/105067"}],"wp:attachment":[{"href":"https:\/\/ffbraunau.at\/wordpress\/index.php?rest_route=%2Fwp%2Fv2%2Fmedia&parent=105070"}],"wp:term":[{"taxonomy":"category","embeddable":true,"href":"https:\/\/ffbraunau.at\/wordpress\/index.php?rest_route=%2Fwp%2Fv2%2Fcategories&post=105070"},{"taxonomy":"post_tag","embeddable":true,"href":"https:\/\/ffbraunau.at\/wordpress\/index.php?rest_route=%2Fwp%2Fv2%2Ftags&post=105070"}],"curies":[{"name":"wp","href":"https:\/\/api.w.org\/{rel}","templated":true}]}}