{"id":104695,"date":"2025-06-09T22:49:12","date_gmt":"2025-06-09T22:49:12","guid":{"rendered":"https:\/\/ffbraunau.at\/wordpress\/?p=104695"},"modified":"2025-06-09T22:50:02","modified_gmt":"2025-06-09T22:50:02","slug":"06-06-2025-grossuebung-der-f-kat-bereitschaft-braunau","status":"publish","type":"post","link":"https:\/\/ffbraunau.at\/wordpress\/?p=104695","title":{"rendered":"06.06.2025 &#8211; Gro\u00df\u00fcbung der F-KAT Bereitschaft Braunau"},"content":{"rendered":"<p>Im Rahmen einer gro\u00dfangelegten \u00dcbung wurde am vergangenen Wochenende die Feuerl\u00f6sch- und Katastrophenhilfsdienst-Bereitschaft (F-KAT) des Bezirks Braunau auf die Probe gestellt.<br \/>\n\u00dcbungsannahme: ein simulierter Flugnotfall mit einem entstandenen Waldbrand im Raum Suben\/Sankt Florian am Inn.<\/p>\n<p>16 Feuerwehren mit 22 Einsatzfahrzeugen und 88 Feuerwehrmitglieder aus dem Bezirk Braunau r\u00fcckten als Teil der drei Waldbrandz\u00fcge sowie des Kommandozugs der F-KAT-Bereitschaft im MOT-Marsch vom Sammelpunkt in Altheim ins \u00dcbungsgebiet ab.<\/p>\n<p>Die FF Braunau beteiligte sich mit 5 Mitglieder, KDO-F2 und Drohne sowie mit Last2 mit AB Mulde und unserem Hoftrac an der \u00dcbung.<\/p>\n<p>Die Aufgabe f\u00fcr die 3 Waldbrandz\u00fcge bestand darin, die seit den Morgenstunden im Einsatz stehenden Mannschaften abzul\u00f6sen und gezielte Nachl\u00f6scharbeiten im unwegsamen Gel\u00e4nde durchzuf\u00fchren. Unterst\u00fctzt soll der taktische Ensatz durch den Einsatz von Drohnen mit W\u00e4rmebildkameras werden, die aus der Luft potenzielle Glutnester erkennen und eine punktgenaue Brandbek\u00e4mpfung erm\u00f6glichen sollen.<\/p>\n<p><a href=\"https:\/\/ffbraunau.at\/wordpress\/wp-content\/uploads\/2025\/06\/2025-06-09-233034.jpg\"><img loading=\"lazy\" decoding=\"async\" class=\"alignnone size-full wp-image-104696\" src=\"https:\/\/ffbraunau.at\/wordpress\/wp-content\/uploads\/2025\/06\/2025-06-09-233034.jpg\" alt=\"\" width=\"900\" height=\"667\" srcset=\"https:\/\/ffbraunau.at\/wordpress\/wp-content\/uploads\/2025\/06\/2025-06-09-233034.jpg 900w, https:\/\/ffbraunau.at\/wordpress\/wp-content\/uploads\/2025\/06\/2025-06-09-233034-300x222.jpg 300w, https:\/\/ffbraunau.at\/wordpress\/wp-content\/uploads\/2025\/06\/2025-06-09-233034-705x522.jpg 705w, https:\/\/ffbraunau.at\/wordpress\/wp-content\/uploads\/2025\/06\/2025-06-09-233034-450x334.jpg 450w\" sizes=\"auto, (max-width: 900px) 100vw, 900px\" \/><\/a> <a href=\"https:\/\/ffbraunau.at\/wordpress\/wp-content\/uploads\/2025\/06\/2025-06-09-233300.jpg\"><img loading=\"lazy\" decoding=\"async\" class=\"alignnone size-large wp-image-104697\" src=\"https:\/\/ffbraunau.at\/wordpress\/wp-content\/uploads\/2025\/06\/2025-06-09-233300.jpg\" alt=\"\" width=\"900\" height=\"503\" srcset=\"https:\/\/ffbraunau.at\/wordpress\/wp-content\/uploads\/2025\/06\/2025-06-09-233300.jpg 900w, https:\/\/ffbraunau.at\/wordpress\/wp-content\/uploads\/2025\/06\/2025-06-09-233300-300x168.jpg 300w, https:\/\/ffbraunau.at\/wordpress\/wp-content\/uploads\/2025\/06\/2025-06-09-233300-705x394.jpg 705w, https:\/\/ffbraunau.at\/wordpress\/wp-content\/uploads\/2025\/06\/2025-06-09-233300-450x252.jpg 450w\" sizes=\"auto, (max-width: 900px) 100vw, 900px\" \/><\/a><\/p>\n<p><a href=\"https:\/\/ffbraunau.at\/wordpress\/wp-content\/uploads\/2025\/06\/20250606_133632.jpg\"><img loading=\"lazy\" decoding=\"async\" class=\"size-large wp-image-104698\" src=\"https:\/\/ffbraunau.at\/wordpress\/wp-content\/uploads\/2025\/06\/20250606_133632.jpg\" alt=\"\" width=\"900\" height=\"675\" srcset=\"https:\/\/ffbraunau.at\/wordpress\/wp-content\/uploads\/2025\/06\/20250606_133632.jpg 900w, https:\/\/ffbraunau.at\/wordpress\/wp-content\/uploads\/2025\/06\/20250606_133632-300x225.jpg 300w, https:\/\/ffbraunau.at\/wordpress\/wp-content\/uploads\/2025\/06\/20250606_133632-705x529.jpg 705w, https:\/\/ffbraunau.at\/wordpress\/wp-content\/uploads\/2025\/06\/20250606_133632-450x338.jpg 450w\" sizes=\"auto, (max-width: 900px) 100vw, 900px\" \/><\/a><\/p>\n<p><a href=\"https:\/\/ffbraunau.at\/wordpress\/wp-content\/uploads\/2025\/06\/csm_Gerald_B.-AD5A0969_Web_d84abe96b1.jpg\"><img loading=\"lazy\" decoding=\"async\" class=\"alignnone size-large wp-image-104699\" src=\"https:\/\/ffbraunau.at\/wordpress\/wp-content\/uploads\/2025\/06\/csm_Gerald_B.-AD5A0969_Web_d84abe96b1.jpg\" alt=\"\" width=\"900\" height=\"600\" srcset=\"https:\/\/ffbraunau.at\/wordpress\/wp-content\/uploads\/2025\/06\/csm_Gerald_B.-AD5A0969_Web_d84abe96b1.jpg 900w, https:\/\/ffbraunau.at\/wordpress\/wp-content\/uploads\/2025\/06\/csm_Gerald_B.-AD5A0969_Web_d84abe96b1-300x200.jpg 300w, https:\/\/ffbraunau.at\/wordpress\/wp-content\/uploads\/2025\/06\/csm_Gerald_B.-AD5A0969_Web_d84abe96b1-705x470.jpg 705w, https:\/\/ffbraunau.at\/wordpress\/wp-content\/uploads\/2025\/06\/csm_Gerald_B.-AD5A0969_Web_d84abe96b1-450x300.jpg 450w\" sizes=\"auto, (max-width: 900px) 100vw, 900px\" \/><\/a> <a href=\"https:\/\/ffbraunau.at\/wordpress\/wp-content\/uploads\/2025\/06\/csm_Gerald_B.-AD5A1399_Web_32cddbdf2c.jpg\"><img loading=\"lazy\" decoding=\"async\" class=\"alignnone size-large wp-image-104700\" src=\"https:\/\/ffbraunau.at\/wordpress\/wp-content\/uploads\/2025\/06\/csm_Gerald_B.-AD5A1399_Web_32cddbdf2c.jpg\" alt=\"\" width=\"900\" height=\"600\" srcset=\"https:\/\/ffbraunau.at\/wordpress\/wp-content\/uploads\/2025\/06\/csm_Gerald_B.-AD5A1399_Web_32cddbdf2c.jpg 900w, https:\/\/ffbraunau.at\/wordpress\/wp-content\/uploads\/2025\/06\/csm_Gerald_B.-AD5A1399_Web_32cddbdf2c-300x200.jpg 300w, https:\/\/ffbraunau.at\/wordpress\/wp-content\/uploads\/2025\/06\/csm_Gerald_B.-AD5A1399_Web_32cddbdf2c-705x470.jpg 705w, https:\/\/ffbraunau.at\/wordpress\/wp-content\/uploads\/2025\/06\/csm_Gerald_B.-AD5A1399_Web_32cddbdf2c-450x300.jpg 450w\" sizes=\"auto, (max-width: 900px) 100vw, 900px\" \/><\/a><\/p>\n<p><span style=\"font-size: 14px;\">Text: Joachim Kweton<\/span><br \/>\n<span style=\"font-size: 14px;\">Fotos: FF Braunau, BFK Braunau \u2013 Gerald Badegruber<\/span><\/p>\n","protected":false},"excerpt":{"rendered":"<p>Im Rahmen einer gro\u00dfangelegten \u00dcbung wurde am vergangenen Wochenende die Feuerl\u00f6sch- und Katastrophenhilfsdienst-Bereitschaft (F-KAT) des Bezirks Braunau auf die Probe gestellt. \u00dcbungsannahme: ein simulierter Flugnotfall mit einem entstandenen Waldbrand im Raum Suben\/Sankt Florian am Inn. 16 Feuerwehren mit 22 Einsatzfahrzeugen und 88 Feuerwehrmitglieder aus dem Bezirk Braunau r\u00fcckten als Teil der drei Waldbrandz\u00fcge sowie des [&hellip;]<\/p>\n","protected":false},"author":4,"featured_media":104699,"comment_status":"closed","ping_status":"open","sticky":false,"template":"","format":"standard","meta":{"footnotes":"","_links_to":"","_links_to_target":""},"categories":[1,16,293],"tags":[],"class_list":["post-104695","post","type-post","status-publish","format-standard","has-post-thumbnail","hentry","category-allgemein","category-berichte","category-berichte-2025"],"_links":{"self":[{"href":"https:\/\/ffbraunau.at\/wordpress\/index.php?rest_route=\/wp\/v2\/posts\/104695","targetHints":{"allow":["GET"]}}],"collection":[{"href":"https:\/\/ffbraunau.at\/wordpress\/index.php?rest_route=\/wp\/v2\/posts"}],"about":[{"href":"https:\/\/ffbraunau.at\/wordpress\/index.php?rest_route=\/wp\/v2\/types\/post"}],"author":[{"embeddable":true,"href":"https:\/\/ffbraunau.at\/wordpress\/index.php?rest_route=\/wp\/v2\/users\/4"}],"replies":[{"embeddable":true,"href":"https:\/\/ffbraunau.at\/wordpress\/index.php?rest_route=%2Fwp%2Fv2%2Fcomments&post=104695"}],"version-history":[{"count":2,"href":"https:\/\/ffbraunau.at\/wordpress\/index.php?rest_route=\/wp\/v2\/posts\/104695\/revisions"}],"predecessor-version":[{"id":104702,"href":"https:\/\/ffbraunau.at\/wordpress\/index.php?rest_route=\/wp\/v2\/posts\/104695\/revisions\/104702"}],"wp:featuredmedia":[{"embeddable":true,"href":"https:\/\/ffbraunau.at\/wordpress\/index.php?rest_route=\/wp\/v2\/media\/104699"}],"wp:attachment":[{"href":"https:\/\/ffbraunau.at\/wordpress\/index.php?rest_route=%2Fwp%2Fv2%2Fmedia&parent=104695"}],"wp:term":[{"taxonomy":"category","embeddable":true,"href":"https:\/\/ffbraunau.at\/wordpress\/index.php?rest_route=%2Fwp%2Fv2%2Fcategories&post=104695"},{"taxonomy":"post_tag","embeddable":true,"href":"https:\/\/ffbraunau.at\/wordpress\/index.php?rest_route=%2Fwp%2Fv2%2Ftags&post=104695"}],"curies":[{"name":"wp","href":"https:\/\/api.w.org\/{rel}","templated":true}]}}