{"id":104689,"date":"2025-06-09T22:34:06","date_gmt":"2025-06-09T22:34:06","guid":{"rendered":"https:\/\/ffbraunau.at\/wordpress\/?p=104689"},"modified":"2025-06-09T22:35:07","modified_gmt":"2025-06-09T22:35:07","slug":"07-06-2025-erfolgreicher-abschnittsbewerb","status":"publish","type":"post","link":"https:\/\/ffbraunau.at\/wordpress\/?p=104689","title":{"rendered":"07.06.2025 \u2013 erfolgreicher Abschnittsbewerb"},"content":{"rendered":"<section class=\"av_textblock_section \" ><div class='avia_textblock  '  ><p>Am Samstag, den 07. Juni 2025, nahm die Freiwillige Feuerwehr Braunau erfolgreich am ersten Abschnittsbewerb der Saison in Tarsdorf teil. Insgesamt gingen <strong>f\u00fcnf Bewerbsgruppen<\/strong> an den Start \u2013 davon <strong>drei Gruppen der Aktivmannschaft<\/strong> sowie <strong>zwei der Jugendgruppe<\/strong>.<\/p>\n<p>Die monatelangen, intensiven Trainings zahlten sich aus: Besonders erfreulich war der Erfolg der Jugendgruppe, die in der Kategorie <strong>Silber 2. Klasse den hervorragenden 4. Rang<\/strong> erreichte und daf\u00fcr mit einem Pokal ausgezeichnet wurde.<\/p>\n<p>Dieser besondere Erfolg wurde nach dem Bewerb auch geb\u00fchrend gefeiert \u2013 im Feuerwehrhaus lie\u00dfen es sich unsere jungen Kameradinnen und Kameraden bei <strong>Pizza und Limo<\/strong> gutgehen. Eine kleine, aber wohlverdiente Belohnung f\u00fcr die gro\u00dfartige Leistung!<\/p>\n<p>Der Bewerb bot nicht nur die M\u00f6glichkeit, das in den \u00dcbungen Erlernte unter Wettkampfbedingungen umzusetzen, sondern auch die Kameradschaft zu st\u00e4rken und Erfahrungen f\u00fcr die kommenden Bewerbe zu sammeln.<\/p>\n<p>Wir gratulieren allen Teilnehmerinnen und Teilnehmern zu ihren Leistungen und freuen uns auf eine erfolgreiche Bewerbssaison 2025!<\/p>\n<p><a href=\"https:\/\/ffbraunau.at\/wordpress\/wp-content\/uploads\/2025\/06\/IMG-20250609-WA0000.jpg\"><img loading=\"lazy\" decoding=\"async\" class=\"alignnone size-full wp-image-104690\" src=\"https:\/\/ffbraunau.at\/wordpress\/wp-content\/uploads\/2025\/06\/IMG-20250609-WA0000.jpg\" alt=\"\" width=\"900\" height=\"589\" srcset=\"https:\/\/ffbraunau.at\/wordpress\/wp-content\/uploads\/2025\/06\/IMG-20250609-WA0000.jpg 900w, https:\/\/ffbraunau.at\/wordpress\/wp-content\/uploads\/2025\/06\/IMG-20250609-WA0000-300x196.jpg 300w, https:\/\/ffbraunau.at\/wordpress\/wp-content\/uploads\/2025\/06\/IMG-20250609-WA0000-705x461.jpg 705w, https:\/\/ffbraunau.at\/wordpress\/wp-content\/uploads\/2025\/06\/IMG-20250609-WA0000-450x295.jpg 450w\" sizes=\"auto, (max-width: 900px) 100vw, 900px\" \/><\/a><\/p>\n<p><a href=\"https:\/\/ffbraunau.at\/wordpress\/wp-content\/uploads\/2025\/06\/PXL_20250607_160546489.MP_.jpg\"><img loading=\"lazy\" decoding=\"async\" class=\"size-full wp-image-104691\" src=\"https:\/\/ffbraunau.at\/wordpress\/wp-content\/uploads\/2025\/06\/PXL_20250607_160546489.MP_.jpg\" alt=\"\" width=\"900\" height=\"678\" srcset=\"https:\/\/ffbraunau.at\/wordpress\/wp-content\/uploads\/2025\/06\/PXL_20250607_160546489.MP_.jpg 900w, https:\/\/ffbraunau.at\/wordpress\/wp-content\/uploads\/2025\/06\/PXL_20250607_160546489.MP_-300x226.jpg 300w, https:\/\/ffbraunau.at\/wordpress\/wp-content\/uploads\/2025\/06\/PXL_20250607_160546489.MP_-705x531.jpg 705w, https:\/\/ffbraunau.at\/wordpress\/wp-content\/uploads\/2025\/06\/PXL_20250607_160546489.MP_-450x339.jpg 450w\" sizes=\"auto, (max-width: 900px) 100vw, 900px\" \/><\/a><\/p>\n<p><a href=\"https:\/\/ffbraunau.at\/wordpress\/wp-content\/uploads\/2025\/06\/PXL_20250607_170158785.jpg\"><img loading=\"lazy\" decoding=\"async\" class=\"size-large wp-image-104692\" src=\"https:\/\/ffbraunau.at\/wordpress\/wp-content\/uploads\/2025\/06\/PXL_20250607_170158785-776x1030.jpg\" alt=\"\" width=\"776\" height=\"1030\" srcset=\"https:\/\/ffbraunau.at\/wordpress\/wp-content\/uploads\/2025\/06\/PXL_20250607_170158785-776x1030.jpg 776w, https:\/\/ffbraunau.at\/wordpress\/wp-content\/uploads\/2025\/06\/PXL_20250607_170158785-226x300.jpg 226w, https:\/\/ffbraunau.at\/wordpress\/wp-content\/uploads\/2025\/06\/PXL_20250607_170158785-531x705.jpg 531w, https:\/\/ffbraunau.at\/wordpress\/wp-content\/uploads\/2025\/06\/PXL_20250607_170158785-450x598.jpg 450w, https:\/\/ffbraunau.at\/wordpress\/wp-content\/uploads\/2025\/06\/PXL_20250607_170158785.jpg 900w\" sizes=\"auto, (max-width: 776px) 100vw, 776px\" \/><\/a><\/p>\n<p><span style=\"font-size: 14px;\">Text: Gabriele Schmid<\/span><br \/>\n<span style=\"font-size: 14px;\">Fotos: FF Braunau, BFK Braunau \u2013 Gerald Badegruber<\/span><\/p>\n<\/div><\/section>\n","protected":false},"excerpt":{"rendered":"","protected":false},"author":4,"featured_media":104690,"comment_status":"closed","ping_status":"open","sticky":false,"template":"","format":"standard","meta":{"footnotes":"","_links_to":"","_links_to_target":""},"categories":[1,293,91],"tags":[],"class_list":["post-104689","post","type-post","status-publish","format-standard","has-post-thumbnail","hentry","category-allgemein","category-berichte-2025","category-news"],"_links":{"self":[{"href":"https:\/\/ffbraunau.at\/wordpress\/index.php?rest_route=\/wp\/v2\/posts\/104689","targetHints":{"allow":["GET"]}}],"collection":[{"href":"https:\/\/ffbraunau.at\/wordpress\/index.php?rest_route=\/wp\/v2\/posts"}],"about":[{"href":"https:\/\/ffbraunau.at\/wordpress\/index.php?rest_route=\/wp\/v2\/types\/post"}],"author":[{"embeddable":true,"href":"https:\/\/ffbraunau.at\/wordpress\/index.php?rest_route=\/wp\/v2\/users\/4"}],"replies":[{"embeddable":true,"href":"https:\/\/ffbraunau.at\/wordpress\/index.php?rest_route=%2Fwp%2Fv2%2Fcomments&post=104689"}],"version-history":[{"count":2,"href":"https:\/\/ffbraunau.at\/wordpress\/index.php?rest_route=\/wp\/v2\/posts\/104689\/revisions"}],"predecessor-version":[{"id":104694,"href":"https:\/\/ffbraunau.at\/wordpress\/index.php?rest_route=\/wp\/v2\/posts\/104689\/revisions\/104694"}],"wp:featuredmedia":[{"embeddable":true,"href":"https:\/\/ffbraunau.at\/wordpress\/index.php?rest_route=\/wp\/v2\/media\/104690"}],"wp:attachment":[{"href":"https:\/\/ffbraunau.at\/wordpress\/index.php?rest_route=%2Fwp%2Fv2%2Fmedia&parent=104689"}],"wp:term":[{"taxonomy":"category","embeddable":true,"href":"https:\/\/ffbraunau.at\/wordpress\/index.php?rest_route=%2Fwp%2Fv2%2Fcategories&post=104689"},{"taxonomy":"post_tag","embeddable":true,"href":"https:\/\/ffbraunau.at\/wordpress\/index.php?rest_route=%2Fwp%2Fv2%2Ftags&post=104689"}],"curies":[{"name":"wp","href":"https:\/\/api.w.org\/{rel}","templated":true}]}}