{"id":104292,"date":"2024-11-01T19:42:54","date_gmt":"2024-11-01T19:42:54","guid":{"rendered":"https:\/\/ffbraunau.at\/wordpress\/?p=104292"},"modified":"2024-11-01T19:42:54","modified_gmt":"2024-11-01T19:42:54","slug":"31-10-2024-brand-gebaeude-mehrstoeckig-balkonbrand","status":"publish","type":"post","link":"https:\/\/ffbraunau.at\/wordpress\/?p=104292","title":{"rendered":"31.10.2024 &#8211; Brand Geb\u00e4ude mehrst\u00f6ckig &#8211; Balkonbrand"},"content":{"rendered":"<div class=\"flex_column av_one_full  flex_column_div av-zero-column-padding first  \" style='border-radius:0px; '><section class=\"av_textblock_section \" ><div class='avia_textblock  '  ><table style=\"border: 0px none;\">\n<tbody>\n<tr style=\"line-height: 12px; height: 24px;\">\n<td style=\"width: 20%; background: #303030; color: #ffffff; font-weight: bold; border: 0px none; height: 24px;\" align=\"right\">Stichwort:<\/td>\n<td style=\"background: #303030; color: #ffffff; border: 0px none; height: 24px;\">BRAND GEB\u00c4UDE MEHRST\u00d6CKIG<\/td>\n<\/tr>\n<tr style=\"line-height: 12px; height: 12px;\">\n<td style=\"color: #303030; font-weight: bold; border: 0px none; height: 12px;\" align=\"right\">Alarmstufe:<\/td>\n<td style=\"color: #303030; border: 0px none; height: 12px;\">1<\/td>\n<\/tr>\n<tr style=\"line-height: 12px; height: 12px;\">\n<td style=\"background: #303030; color: #ffffff; font-weight: bold; border: 0px none; height: 12px;\" align=\"right\">Ort:<\/td>\n<td style=\"background: #303030; color: #ffffff; border: 0px none; height: 12px;\">Sparkassenstra\u00dfe<\/td>\n<\/tr>\n<tr style=\"line-height: 12px; height: 12px;\">\n<td style=\"color: #303030; font-weight: bold; border: 0px none; height: 12px;\" align=\"right\">Datum:<\/td>\n<td style=\"color: #303030; border: 0px none; height: 12px;\">Do, 31.10.2024 18:25 &#8211; 19:23<\/td>\n<\/tr>\n<tr style=\"line-height: 12px; height: 12px;\">\n<td style=\"background: #303030; color: #ffffff; font-weight: bold; border: 0px none; height: 12px;\" align=\"right\">Dauer:<\/td>\n<td style=\"background: #303030; color: #ffffff; border: 0px none; height: 12px;\">58 Minuten<\/td>\n<\/tr>\n<tr style=\"line-height: 12px; height: 12px;\">\n<td style=\"color: #303030; font-weight: bold; border: 0px none; height: 12px;\" align=\"right\">Alarmierung:<\/td>\n<td style=\"color: #303030; border: 0px none; height: 12px;\">Landeswarnzentrale O\u00d6<\/td>\n<\/tr>\n<tr style=\"line-height: 12px; height: 12px;\">\n<td style=\"background: #303030; color: #ffffff; font-weight: bold; border: 0px none; height: 12px;\" align=\"right\">Art:<\/td>\n<td style=\"background: #303030; color: #ffffff; border: 0px none; height: 12px;\">Brandeinsatz<\/td>\n<\/tr>\n<tr style=\"line-height: 12px; height: 12px;\">\n<td style=\"color: #303030; font-weight: bold; border: 0px none; height: 12px;\" align=\"right\">Mannst\u00e4rke:<\/td>\n<td style=\"color: #303030; border: 0px none; height: 12px;\">40<\/td>\n<\/tr>\n<tr style=\"line-height: 12px; height: 12px;\">\n<td style=\"background: #303030; color: #ffffff; font-weight: bold; border: 0px none; height: 12px;\" align=\"right\">Fahrzeuge:<\/td>\n<td style=\"background: #303030; color: #ffffff; border: 0px none; height: 12px;\">KDO-F1+2, TLF1+2, DLK, KLF<\/td>\n<\/tr>\n<tr style=\"line-height: 12px; height: 12px;\">\n<td style=\"color: #303030; font-weight: bold; border: 0px none; height: 12px;\" align=\"right\">Feuerwehren:<\/td>\n<td style=\"color: #303030; border: 0px none; height: 12px;\">FF Braunau, FF Aching, FF Haselbach, FF Ranshofen<\/td>\n<\/tr>\n<\/tbody>\n<\/table>\n<table style=\"border: 0;\">\n<tbody>\n<tr style=\"line-height: 12px;\">\n<td style=\"background: #303030; color: #ffffff; font-weight: bold; border: 0; width: 100%;\" align=\"left\">Beschreibung:<\/td>\n<\/tr>\n<\/tbody>\n<\/table>\n<p>Durch einen Feuerwerksk\u00f6rper, der in einem Balkon landete geriet das Inventar des Balkons in Brand.<br \/>\nDer Wohnungsbesitzer wurde darauf aufmerksam und konnte den Brand mit Wasser bis zum Eintreffen der Feuerwehr unter Kontrolle halten. Dadurch wurde ein weiteres Ausbreiten des Brandes auf die Fassade und die Wohnung verhindert.<br \/>\nDie alarmierten 4 Freiwilligen Feuerwehren der Stadt Braunau &#8211; Aching, Braunau, Haselbach und Ranshofen &#8211; trafen rasch an der Einsatzstelle ein, der Brand konnte umgehend gel\u00f6scht werden.\u00a0 Zur Sicherheit wurde die in Mitleidenschaft gezogene Au\u00dfenfassade ge\u00f6ffnet und mittels W\u00e4rmebildkamera kontrolliert.<\/p>\n<p>Text: Joachim Kweton<\/p>\n<\/div><\/section><\/div>\n","protected":false},"excerpt":{"rendered":"","protected":false},"author":4,"featured_media":758,"comment_status":"closed","ping_status":"open","sticky":false,"template":"","format":"standard","meta":{"footnotes":"","_links_to":"","_links_to_target":""},"categories":[1,2,290],"tags":[],"class_list":["post-104292","post","type-post","status-publish","format-standard","has-post-thumbnail","hentry","category-allgemein","category-einsaetze","category-einsaetze-2024"],"_links":{"self":[{"href":"https:\/\/ffbraunau.at\/wordpress\/index.php?rest_route=\/wp\/v2\/posts\/104292","targetHints":{"allow":["GET"]}}],"collection":[{"href":"https:\/\/ffbraunau.at\/wordpress\/index.php?rest_route=\/wp\/v2\/posts"}],"about":[{"href":"https:\/\/ffbraunau.at\/wordpress\/index.php?rest_route=\/wp\/v2\/types\/post"}],"author":[{"embeddable":true,"href":"https:\/\/ffbraunau.at\/wordpress\/index.php?rest_route=\/wp\/v2\/users\/4"}],"replies":[{"embeddable":true,"href":"https:\/\/ffbraunau.at\/wordpress\/index.php?rest_route=%2Fwp%2Fv2%2Fcomments&post=104292"}],"version-history":[{"count":3,"href":"https:\/\/ffbraunau.at\/wordpress\/index.php?rest_route=\/wp\/v2\/posts\/104292\/revisions"}],"predecessor-version":[{"id":104297,"href":"https:\/\/ffbraunau.at\/wordpress\/index.php?rest_route=\/wp\/v2\/posts\/104292\/revisions\/104297"}],"wp:featuredmedia":[{"embeddable":true,"href":"https:\/\/ffbraunau.at\/wordpress\/index.php?rest_route=\/wp\/v2\/media\/758"}],"wp:attachment":[{"href":"https:\/\/ffbraunau.at\/wordpress\/index.php?rest_route=%2Fwp%2Fv2%2Fmedia&parent=104292"}],"wp:term":[{"taxonomy":"category","embeddable":true,"href":"https:\/\/ffbraunau.at\/wordpress\/index.php?rest_route=%2Fwp%2Fv2%2Fcategories&post=104292"},{"taxonomy":"post_tag","embeddable":true,"href":"https:\/\/ffbraunau.at\/wordpress\/index.php?rest_route=%2Fwp%2Fv2%2Ftags&post=104292"}],"curies":[{"name":"wp","href":"https:\/\/api.w.org\/{rel}","templated":true}]}}