{"id":10209,"date":"2019-09-08T07:24:05","date_gmt":"2019-09-08T07:24:05","guid":{"rendered":"http:\/\/ffbraunau.at\/wordpress\/?p=10209"},"modified":"2019-09-23T08:21:35","modified_gmt":"2019-09-23T08:21:35","slug":"06-09-2019-uebung-hoehenrettung","status":"publish","type":"post","link":"https:\/\/ffbraunau.at\/wordpress\/?p=10209","title":{"rendered":"06.09.2019 &#8211; \u00dcbung H\u00f6henrettung"},"content":{"rendered":"<div class=\"flex_column av_one_full  flex_column_div av-zero-column-padding first  \" style='border-radius:0px; '><p><section class=\"av_textblock_section \" ><div class='avia_textblock  '  ><p>&#8222;Personenrettung &#8211; Person in Brunnenschacht &#8211; H\u00f6henretter werden ben\u00f6tigt&#8220;.<br \/>\nSo lautete die \u00dcbungsalarmierung f\u00fcr den H\u00f6henretter-St\u00fctzpunkt Braunau am Freitag, den 06.09.2019.<br \/>\nEin H\u00f6henretter wurde zur Versorgung zum &#8222;Patienten&#8220; abgeseilt.<br \/>\nMittels Express-Flaschenzug wurden der Verunfallte und der Retter aus dem Schacht gehoben.<\/p>\n<p>Text und Fotos: Alexander Steinh\u00f6gl<\/p>\n<\/div><\/section><br \/>\n<div  data-size='no scaling'  data-lightbox_size='large'  data-animation='slide'  data-ids='10212,10213,10214,10215'  data-video_counter='0'  data-autoplay='false'  data-bg_slider='false'  data-slide_height=''  data-handle='av_slideshow'  data-interval='5'  data-class=' '  data-css_id=''  data-scroll_down=''  data-control_layout='av-control-default'  data-custom_markup=''  data-perma_caption=''  data-autoplay_stopper=''  data-image_attachment=''  data-min_height='0px'  class='avia-slideshow avia-slideshow-1  av-control-default av-default-height-applied avia-slideshow-no scaling av_slideshow   avia-slide-slider ' ><ul class='avia-slideshow-inner' style='padding-bottom: 75.157894736842%;'><li  class=' slide-1 ' ><div data-rel='slideshow-1' class='avia-slide-wrap'  ><img src='https:\/\/ffbraunau.at\/wordpress\/wp-content\/uploads\/2019\/09\/Bildschirmfoto-2019-09-08-um-09.19.12.png' width='950' height='714' title='Bildschirmfoto 2019-09-08 um 09.19.12' alt=''   \/><\/div><\/li><li  class=' slide-2 ' ><div data-rel='slideshow-1' class='avia-slide-wrap'  ><img src='https:\/\/ffbraunau.at\/wordpress\/wp-content\/uploads\/2019\/09\/Bildschirmfoto-2019-09-08-um-09.19.47.png' width='950' height='714' title='Bildschirmfoto 2019-09-08 um 09.19.47' alt=''   \/><\/div><\/li><li  class=' slide-3 ' ><div data-rel='slideshow-1' class='avia-slide-wrap'  ><img src='https:\/\/ffbraunau.at\/wordpress\/wp-content\/uploads\/2019\/09\/Bildschirmfoto-2019-09-08-um-09.19.56.png' width='950' height='714' title='Bildschirmfoto 2019-09-08 um 09.19.56' alt=''   \/><\/div><\/li><li  class=' slide-4 ' ><div data-rel='slideshow-1' class='avia-slide-wrap'  ><img src='https:\/\/ffbraunau.at\/wordpress\/wp-content\/uploads\/2019\/09\/Bildschirmfoto-2019-09-08-um-09.20.05.png' width='950' height='714' title='Bildschirmfoto 2019-09-08 um 09.20.05' alt=''   \/><\/div><\/li><\/ul><div class='avia-slideshow-arrows avia-slideshow-controls'><a href='#prev' class='prev-slide' aria-hidden='true' data-av_icon='\ue87c' data-av_iconfont='entypo-fontello'>Zur\u00fcck<\/a><a href='#next' class='next-slide' aria-hidden='true' data-av_icon='\ue87d' data-av_iconfont='entypo-fontello'>Weiter<\/a><\/div><div class='avia-slideshow-dots avia-slideshow-controls'><a href='#1' class='goto-slide active' >1<\/a><a href='#2' class='goto-slide ' >2<\/a><a href='#3' class='goto-slide ' >3<\/a><a href='#4' class='goto-slide ' >4<\/a><\/div><\/div><\/p><\/div>\n","protected":false},"excerpt":{"rendered":"","protected":false},"author":3,"featured_media":10213,"comment_status":"closed","ping_status":"open","sticky":false,"template":"","format":"standard","meta":{"footnotes":"","_links_to":"","_links_to_target":""},"categories":[188,45,95],"tags":[],"class_list":["post-10209","post","type-post","status-publish","format-standard","has-post-thumbnail","hentry","category-berichte-2019","category-hoehenrettung","category-hoehenrettung-einsaetze"],"_links":{"self":[{"href":"https:\/\/ffbraunau.at\/wordpress\/index.php?rest_route=\/wp\/v2\/posts\/10209","targetHints":{"allow":["GET"]}}],"collection":[{"href":"https:\/\/ffbraunau.at\/wordpress\/index.php?rest_route=\/wp\/v2\/posts"}],"about":[{"href":"https:\/\/ffbraunau.at\/wordpress\/index.php?rest_route=\/wp\/v2\/types\/post"}],"author":[{"embeddable":true,"href":"https:\/\/ffbraunau.at\/wordpress\/index.php?rest_route=\/wp\/v2\/users\/3"}],"replies":[{"embeddable":true,"href":"https:\/\/ffbraunau.at\/wordpress\/index.php?rest_route=%2Fwp%2Fv2%2Fcomments&post=10209"}],"version-history":[{"count":4,"href":"https:\/\/ffbraunau.at\/wordpress\/index.php?rest_route=\/wp\/v2\/posts\/10209\/revisions"}],"predecessor-version":[{"id":10288,"href":"https:\/\/ffbraunau.at\/wordpress\/index.php?rest_route=\/wp\/v2\/posts\/10209\/revisions\/10288"}],"wp:featuredmedia":[{"embeddable":true,"href":"https:\/\/ffbraunau.at\/wordpress\/index.php?rest_route=\/wp\/v2\/media\/10213"}],"wp:attachment":[{"href":"https:\/\/ffbraunau.at\/wordpress\/index.php?rest_route=%2Fwp%2Fv2%2Fmedia&parent=10209"}],"wp:term":[{"taxonomy":"category","embeddable":true,"href":"https:\/\/ffbraunau.at\/wordpress\/index.php?rest_route=%2Fwp%2Fv2%2Fcategories&post=10209"},{"taxonomy":"post_tag","embeddable":true,"href":"https:\/\/ffbraunau.at\/wordpress\/index.php?rest_route=%2Fwp%2Fv2%2Ftags&post=10209"}],"curies":[{"name":"wp","href":"https:\/\/api.w.org\/{rel}","templated":true}]}}