{"id":101027,"date":"2023-06-07T18:41:31","date_gmt":"2023-06-07T18:41:31","guid":{"rendered":"https:\/\/ffbraunau.at\/wordpress\/?p=101027"},"modified":"2023-06-07T18:55:37","modified_gmt":"2023-06-07T18:55:37","slug":"07-06-2023-be-brand-baum-flur-boeschung","status":"publish","type":"post","link":"https:\/\/ffbraunau.at\/wordpress\/?p=101027","title":{"rendered":"07.06.2023 &#8211; BE &#8211; BRAND BAUM, FLUR, B\u00d6SCHUNG"},"content":{"rendered":"<div class=\"flex_column av_one_full  flex_column_div av-zero-column-padding first  \" style='border-radius:0px; '><section class=\"av_textblock_section \" ><div class='avia_textblock  '  ><table style=\"border: 0px none; width: 96.916366%; height: 132px;\">\n<tbody>\n<tr style=\"line-height: 12px; height: 24px;\">\n<td style=\"width: 20%; background: #303030; color: #ffffff; font-weight: bold; border: 0px none; height: 24px;\" align=\"right\">Stichwort:<\/td>\n<td style=\"background: #303030; color: #ffffff; border: 0px none; height: 24px;\">BRAND BAUM, FLUR, B\u00d6SCHUNG<\/td>\n<\/tr>\n<tr style=\"line-height: 12px; height: 12px;\">\n<td style=\"color: #303030; font-weight: bold; border: 0px none; height: 12px;\" align=\"right\">Alarmstufe:<\/td>\n<td style=\"color: #303030; border: 0px none; height: 12px;\">1<\/td>\n<\/tr>\n<tr style=\"line-height: 12px; height: 12px;\">\n<td style=\"background: #303030; color: #ffffff; font-weight: bold; border: 0px none; height: 12px;\" align=\"right\">Ort:<\/td>\n<td style=\"background: #303030; color: #ffffff; border: 0px none; height: 12px;\">St. Peter am Hart<\/td>\n<\/tr>\n<tr style=\"line-height: 12px; height: 12px;\">\n<td style=\"color: #303030; font-weight: bold; border: 0px none; height: 12px;\" align=\"right\">Datum:<\/td>\n<td style=\"color: #303030; border: 0px none; height: 12px;\">Mi, 07.06.2023 18:01 &#8211; 18:49<\/td>\n<\/tr>\n<tr style=\"line-height: 12px; height: 12px;\">\n<td style=\"background: #303030; color: #ffffff; font-weight: bold; border: 0px none; height: 12px;\" align=\"right\">Dauer:<\/td>\n<td style=\"background: #303030; color: #ffffff; border: 0px none; height: 12px;\">48 Minuten<\/td>\n<\/tr>\n<tr style=\"line-height: 12px; height: 12px;\">\n<td style=\"color: #303030; font-weight: bold; border: 0px none; height: 12px;\" align=\"right\">Alarmierung:<\/td>\n<td style=\"color: #303030; border: 0px none; height: 12px;\">Landeswarnzentrale O\u00d6<\/td>\n<\/tr>\n<tr style=\"line-height: 12px; height: 12px;\">\n<td style=\"background: #303030; color: #ffffff; font-weight: bold; border: 0px none; height: 12px;\" align=\"right\">Art:<\/td>\n<td style=\"background: #303030; color: #ffffff; border: 0px none; height: 12px;\">Brandeinsatz<\/td>\n<\/tr>\n<tr style=\"line-height: 12px; height: 12px;\">\n<td style=\"color: #303030; font-weight: bold; border: 0px none; height: 12px;\" align=\"right\">Mannst\u00e4rke:<\/td>\n<td style=\"color: #303030; border: 0px none; height: 12px;\">folgt<\/td>\n<\/tr>\n<tr style=\"line-height: 12px; height: 12px;\">\n<td style=\"background: #303030; color: #ffffff; font-weight: bold; border: 0px none; height: 12px;\" align=\"right\">Fahrzeuge:<\/td>\n<td style=\"background: #303030; color: #ffffff; border: 0px none; height: 12px;\">TANK 1, LF-A<\/td>\n<\/tr>\n<tr style=\"line-height: 12px; height: 12px;\">\n<td style=\"color: #303030; font-weight: bold; border: 0px none; height: 12px;\" align=\"right\">Feuerwehren:<\/td>\n<td style=\"color: #303030; border: 0px none; height: 12px;\">Braunau am Inn, St. Peter am Hart<\/td>\n<\/tr>\n<\/tbody>\n<\/table>\n<table style=\"border: 0;\">\n<tbody>\n<tr style=\"line-height: 12px;\">\n<td style=\"background: #303030; color: #ffffff; font-weight: bold; border: 0; width: 100%;\" align=\"left\">Beschreibung:<\/td>\n<\/tr>\n<\/tbody>\n<\/table>\n<table style=\"border: 0px none;\">\n<tbody>\n<tr style=\"line-height: 12px; height: 24px;\">\n<td style=\"color: #303030; border: 0px none; height: 24px;\" align=\"left\">Am 07.06.2023 um 18:01 Uhr wurden die Feuerwehren Braunau am Inn und St. Peter am Hart gemeinsam zu einem Brandeinsatz alarmiert. &#8222;Brand Baum, Flur, B\u00f6schung &#8211; Heckenbrand&#8220; lautete die Alarmierung f\u00fcr die Feuerwehren.<\/p>\n<p>Aus unbekannter Ursache kam es zum Brand einer Thujenhecke. Bereits bei der Anfahrt zum Einsatzort war eine Rauchentwicklung erkennbar. Die Besitzer, sowie deren Nachbarn d\u00e4mmten den Brand bis zum Eintreffen der Feuerwehr mit Gartenschl\u00e4uchen ein.<\/p>\n<p>Mit HD-Rohren wurde der Brand durch die Einsatzkr\u00e4fte abgel\u00f6scht und der betroffene Bereich mit W\u00e4rmebildkameras kontrolliert.<\/p>\n<p>Durch das rasche Eingreifen der Feuerwehren St. Peter am Hart und Braunau am Inn konnte ein \u00dcbergreifen des Brandes auf eine angrenzende Gartenh\u00fctte verhindert werden.<\/p>\n<p>Im Einsatz standen die Feuerwehren Braunau am Inn und St. Peter am Hart, sowie die Bundespolizei.<\/p>\n<p>Text &amp; Fotos: Alexander Steinh\u00f6gl<\/td>\n<\/tr>\n<\/tbody>\n<\/table>\n<\/div><\/section><br \/>\n<div  data-size='no scaling'  data-lightbox_size='large'  data-animation='slide'  data-ids='101032,101033,101034,101035'  data-video_counter='0'  data-autoplay='false'  data-bg_slider='false'  data-slide_height=''  data-handle='av_slideshow'  data-interval='5'  data-class=' '  data-css_id=''  data-scroll_down=''  data-control_layout='av-control-default'  data-custom_markup=''  data-perma_caption=''  data-autoplay_stopper=''  data-image_attachment=''  data-min_height='0px'  class='avia-slideshow avia-slideshow-1  av-control-default av-default-height-applied avia-slideshow-no scaling av_slideshow   avia-slide-slider ' ><ul class='avia-slideshow-inner' style='padding-bottom: 75%;'><li  class=' slide-1 ' ><div data-rel='slideshow-1' class='avia-slide-wrap'  ><img src='https:\/\/ffbraunau.at\/wordpress\/wp-content\/uploads\/2023\/06\/IMG_7802_HDT-Kopie.jpg' width='1000' height='750' title='IMG_7802_HDT Kopie' alt=''   \/><\/div><\/li><li  class=' slide-2 ' ><div data-rel='slideshow-1' class='avia-slide-wrap'  ><img src='https:\/\/ffbraunau.at\/wordpress\/wp-content\/uploads\/2023\/06\/IMG_7798_HDT-Kopie.jpg' width='1000' height='750' title='IMG_7798_HDT Kopie' alt=''   \/><\/div><\/li><li  class=' slide-3 ' ><div data-rel='slideshow-1' class='avia-slide-wrap'  ><img src='https:\/\/ffbraunau.at\/wordpress\/wp-content\/uploads\/2023\/06\/IMG_7804_HDT-Kopie.jpg' width='1000' height='750' title='IMG_7804_HDT Kopie' alt=''   \/><\/div><\/li><li  class=' slide-4 ' ><div data-rel='slideshow-1' class='avia-slide-wrap'  ><img src='https:\/\/ffbraunau.at\/wordpress\/wp-content\/uploads\/2023\/06\/IMG_7810_HDT-Kopie.jpg' width='1000' height='750' title='IMG_7810_HDT Kopie' alt=''   \/><\/div><\/li><\/ul><div class='avia-slideshow-arrows avia-slideshow-controls'><a href='#prev' class='prev-slide' aria-hidden='true' data-av_icon='\ue87c' data-av_iconfont='entypo-fontello'>Zur\u00fcck<\/a><a href='#next' class='next-slide' aria-hidden='true' data-av_icon='\ue87d' data-av_iconfont='entypo-fontello'>Weiter<\/a><\/div><div class='avia-slideshow-dots avia-slideshow-controls'><a href='#1' class='goto-slide active' >1<\/a><a href='#2' class='goto-slide ' >2<\/a><a href='#3' class='goto-slide ' >3<\/a><a href='#4' class='goto-slide ' >4<\/a><\/div><\/div><\/p><\/div>\n","protected":false},"excerpt":{"rendered":"","protected":false},"author":3,"featured_media":101032,"comment_status":"closed","ping_status":"open","sticky":false,"template":"","format":"standard","meta":{"footnotes":"","_links_to":"","_links_to_target":""},"categories":[288],"tags":[],"class_list":["post-101027","post","type-post","status-publish","format-standard","has-post-thumbnail","hentry","category-einsaetze-2023"],"_links":{"self":[{"href":"https:\/\/ffbraunau.at\/wordpress\/index.php?rest_route=\/wp\/v2\/posts\/101027","targetHints":{"allow":["GET"]}}],"collection":[{"href":"https:\/\/ffbraunau.at\/wordpress\/index.php?rest_route=\/wp\/v2\/posts"}],"about":[{"href":"https:\/\/ffbraunau.at\/wordpress\/index.php?rest_route=\/wp\/v2\/types\/post"}],"author":[{"embeddable":true,"href":"https:\/\/ffbraunau.at\/wordpress\/index.php?rest_route=\/wp\/v2\/users\/3"}],"replies":[{"embeddable":true,"href":"https:\/\/ffbraunau.at\/wordpress\/index.php?rest_route=%2Fwp%2Fv2%2Fcomments&post=101027"}],"version-history":[{"count":5,"href":"https:\/\/ffbraunau.at\/wordpress\/index.php?rest_route=\/wp\/v2\/posts\/101027\/revisions"}],"predecessor-version":[{"id":101873,"href":"https:\/\/ffbraunau.at\/wordpress\/index.php?rest_route=\/wp\/v2\/posts\/101027\/revisions\/101873"}],"wp:featuredmedia":[{"embeddable":true,"href":"https:\/\/ffbraunau.at\/wordpress\/index.php?rest_route=\/wp\/v2\/media\/101032"}],"wp:attachment":[{"href":"https:\/\/ffbraunau.at\/wordpress\/index.php?rest_route=%2Fwp%2Fv2%2Fmedia&parent=101027"}],"wp:term":[{"taxonomy":"category","embeddable":true,"href":"https:\/\/ffbraunau.at\/wordpress\/index.php?rest_route=%2Fwp%2Fv2%2Fcategories&post=101027"},{"taxonomy":"post_tag","embeddable":true,"href":"https:\/\/ffbraunau.at\/wordpress\/index.php?rest_route=%2Fwp%2Fv2%2Ftags&post=101027"}],"curies":[{"name":"wp","href":"https:\/\/api.w.org\/{rel}","templated":true}]}}