{"id":100823,"date":"2023-03-09T16:18:30","date_gmt":"2023-03-09T16:18:30","guid":{"rendered":"https:\/\/ffbraunau.at\/wordpress\/?p=100823"},"modified":"2023-03-09T16:37:22","modified_gmt":"2023-03-09T16:37:22","slug":"08-03-2023-uebung-brand-in-baumarkt","status":"publish","type":"post","link":"https:\/\/ffbraunau.at\/wordpress\/?p=100823","title":{"rendered":"08.03.2023: \u00dcbung &#8211; Brand in Baumarkt"},"content":{"rendered":"<div class=\"flex_column av_one_full  flex_column_div av-zero-column-padding first  \" style='border-radius:0px; '><p><section class=\"av_textblock_section \" ><div class='avia_textblock  '  ><p>Am 08.03.2023 um 19:00 Uhr lautete die \u00dcbungsalarmierung f\u00fcr die Feuerwehr Braunau &#8222;Brandmeldealarm OBI Baumarkt, Bauhofstra\u00dfe&#8220;.<\/p>\n<p>Noch w\u00e4hrend der Anfahrt erreichte den Einsatzleiter die Information, dass es sich tats\u00e4chlich um einen &#8222;Brandeinsatz&#8220; im Bereich vom Holz-Zuschnitt handelt.<\/p>\n<p>Eine Einsatzleitstelle wurde eingerichtet, mehrere Personen wurden durch 3 Atemschutztrupps gerettet und ein L\u00f6schangriff von 2 Seiten wurde gestartet.<\/p>\n<p>Parallel dazu wurden die Drehleiter zur Lagebeurteilung von oben in Stellung gebracht, sowie eine L\u00f6schwasserversorgung durch &#8222;Pumpe Braunau&#8220; bereitgestellt.<\/p>\n<p>Text: Alexander Steinh\u00f6gl<br \/>\nFotos &amp; Video: Feuerwehr Braunau<br \/>\nMusik im Video: www.frametraxx.de<\/p>\n<\/div><\/section><br \/>\n<div  class='avia-video avia-video-16-9   ' ><div class='avia-iframe-wrap'><iframe loading=\"lazy\" title=\"08.03.2023: \u00dcbung - Brandeinsatz in Baumarkt\" width=\"1500\" height=\"844\" src=\"https:\/\/www.youtube.com\/embed\/7KPLPj1FquE?feature=oembed\" frameborder=\"0\" allow=\"accelerometer; autoplay; clipboard-write; encrypted-media; gyroscope; picture-in-picture; web-share\" allowfullscreen><\/iframe><\/div><\/div><\/p><\/div>\n","protected":false},"excerpt":{"rendered":"","protected":false},"author":3,"featured_media":100828,"comment_status":"closed","ping_status":"open","sticky":false,"template":"","format":"standard","meta":{"footnotes":"","_links_to":"","_links_to_target":""},"categories":[287],"tags":[],"class_list":["post-100823","post","type-post","status-publish","format-standard","has-post-thumbnail","hentry","category-berichte-2023"],"_links":{"self":[{"href":"https:\/\/ffbraunau.at\/wordpress\/index.php?rest_route=\/wp\/v2\/posts\/100823","targetHints":{"allow":["GET"]}}],"collection":[{"href":"https:\/\/ffbraunau.at\/wordpress\/index.php?rest_route=\/wp\/v2\/posts"}],"about":[{"href":"https:\/\/ffbraunau.at\/wordpress\/index.php?rest_route=\/wp\/v2\/types\/post"}],"author":[{"embeddable":true,"href":"https:\/\/ffbraunau.at\/wordpress\/index.php?rest_route=\/wp\/v2\/users\/3"}],"replies":[{"embeddable":true,"href":"https:\/\/ffbraunau.at\/wordpress\/index.php?rest_route=%2Fwp%2Fv2%2Fcomments&post=100823"}],"version-history":[{"count":5,"href":"https:\/\/ffbraunau.at\/wordpress\/index.php?rest_route=\/wp\/v2\/posts\/100823\/revisions"}],"predecessor-version":[{"id":100829,"href":"https:\/\/ffbraunau.at\/wordpress\/index.php?rest_route=\/wp\/v2\/posts\/100823\/revisions\/100829"}],"wp:featuredmedia":[{"embeddable":true,"href":"https:\/\/ffbraunau.at\/wordpress\/index.php?rest_route=\/wp\/v2\/media\/100828"}],"wp:attachment":[{"href":"https:\/\/ffbraunau.at\/wordpress\/index.php?rest_route=%2Fwp%2Fv2%2Fmedia&parent=100823"}],"wp:term":[{"taxonomy":"category","embeddable":true,"href":"https:\/\/ffbraunau.at\/wordpress\/index.php?rest_route=%2Fwp%2Fv2%2Fcategories&post=100823"},{"taxonomy":"post_tag","embeddable":true,"href":"https:\/\/ffbraunau.at\/wordpress\/index.php?rest_route=%2Fwp%2Fv2%2Ftags&post=100823"}],"curies":[{"name":"wp","href":"https:\/\/api.w.org\/{rel}","templated":true}]}}