{"id":100781,"date":"2023-02-12T08:02:03","date_gmt":"2023-02-12T08:02:03","guid":{"rendered":"https:\/\/ffbraunau.at\/wordpress\/?p=100781"},"modified":"2023-02-12T08:15:47","modified_gmt":"2023-02-12T08:15:47","slug":"11-02-2023-hoehenretter-unterstuetzen-bei-feuerwehr-ersthelfer-ausbildung","status":"publish","type":"post","link":"https:\/\/ffbraunau.at\/wordpress\/?p=100781","title":{"rendered":"11.02.2023: H\u00f6henretter unterst\u00fctzen bei Feuerwehr-Ersthelfer-Ausbildung"},"content":{"rendered":"<div class=\"flex_column av_one_full  flex_column_div av-zero-column-padding first  \" style='border-radius:0px; '><p><section class=\"av_textblock_section \" ><div class='avia_textblock  '  ><p>Am Samstag, den 11.02.2023 unterst\u00fctzten 6 H\u00f6henretterinnen und H\u00f6henretter die Feuerwehr-Ersthelfer-Ausbildung in Moosbach.<\/p>\n<p>Den rund 80 Teilnehmerinnen und Teilnehmern wurden den ganzen Tag \u00fcber folgende Themen und Ger\u00e4tschaften n\u00e4her gebracht: Psychische Erste Hilfe, Aufgaben des FMD, Innerer Retter, Atemschutz-Notfall, Spine-Board, Hygiene und Gro\u00dfunfall, cABCDE und Sichern und Retten.<\/p>\n<p>Der Teil &#8222;Sichern und Retten&#8220; wurde durch den H\u00f6henretter-St\u00fctzpunkt geschult.<br \/>\nSeil- und Knotenkunde, der richtige Umgang mit der erforderlichen Ausr\u00fcstung, sowie Halten, R\u00fcckhalten und Absturzsicherung waren Teil der Ausbildung.<\/p>\n<p>Text: Alexander Steinh\u00f6gl<br \/>\nFotos: OAW Gerald Badegruber<\/p>\n<\/div><\/section><br \/>\n<div  data-size='no scaling'  data-lightbox_size='large'  data-animation='slide'  data-ids='100777,100778,100779,100780'  data-video_counter='0'  data-autoplay='false'  data-bg_slider='false'  data-slide_height=''  data-handle='av_slideshow'  data-interval='5'  data-class=' '  data-css_id=''  data-scroll_down=''  data-control_layout='av-control-default'  data-custom_markup=''  data-perma_caption=''  data-autoplay_stopper=''  data-image_attachment=''  data-min_height='0px'  class='avia-slideshow avia-slideshow-1  av-control-default av-default-height-applied avia-slideshow-no scaling av_slideshow   avia-slide-slider ' ><ul class='avia-slideshow-inner' style='padding-bottom: 66.7%;'><li  class=' slide-1 ' ><div data-rel='slideshow-1' class='avia-slide-wrap'  ><img src='https:\/\/ffbraunau.at\/wordpress\/wp-content\/uploads\/2023\/02\/01.jpg' width='1000' height='667' title='01' alt=''   \/><\/div><\/li><li  class=' slide-2 ' ><div data-rel='slideshow-1' class='avia-slide-wrap'  ><img src='https:\/\/ffbraunau.at\/wordpress\/wp-content\/uploads\/2023\/02\/02.jpg' width='1000' height='667' title='02' alt=''   \/><\/div><\/li><li  class=' slide-3 ' ><div data-rel='slideshow-1' class='avia-slide-wrap'  ><img src='https:\/\/ffbraunau.at\/wordpress\/wp-content\/uploads\/2023\/02\/03.jpg' width='1000' height='667' title='03' alt=''   \/><\/div><\/li><li  class=' slide-4 ' ><div data-rel='slideshow-1' class='avia-slide-wrap'  ><img src='https:\/\/ffbraunau.at\/wordpress\/wp-content\/uploads\/2023\/02\/04.jpg' width='1000' height='667' title='04' alt=''   \/><\/div><\/li><\/ul><div class='avia-slideshow-arrows avia-slideshow-controls'><a href='#prev' class='prev-slide' aria-hidden='true' data-av_icon='\ue87c' data-av_iconfont='entypo-fontello'>Zur\u00fcck<\/a><a href='#next' class='next-slide' aria-hidden='true' data-av_icon='\ue87d' data-av_iconfont='entypo-fontello'>Weiter<\/a><\/div><div class='avia-slideshow-dots avia-slideshow-controls'><a href='#1' class='goto-slide active' >1<\/a><a href='#2' class='goto-slide ' >2<\/a><a href='#3' class='goto-slide ' >3<\/a><a href='#4' class='goto-slide ' >4<\/a><\/div><\/div><\/p><\/div>\n","protected":false},"excerpt":{"rendered":"","protected":false},"author":3,"featured_media":100777,"comment_status":"closed","ping_status":"open","sticky":false,"template":"","format":"standard","meta":{"footnotes":"","_links_to":"","_links_to_target":""},"categories":[287,45],"tags":[],"class_list":["post-100781","post","type-post","status-publish","format-standard","has-post-thumbnail","hentry","category-berichte-2023","category-hoehenrettung"],"_links":{"self":[{"href":"https:\/\/ffbraunau.at\/wordpress\/index.php?rest_route=\/wp\/v2\/posts\/100781","targetHints":{"allow":["GET"]}}],"collection":[{"href":"https:\/\/ffbraunau.at\/wordpress\/index.php?rest_route=\/wp\/v2\/posts"}],"about":[{"href":"https:\/\/ffbraunau.at\/wordpress\/index.php?rest_route=\/wp\/v2\/types\/post"}],"author":[{"embeddable":true,"href":"https:\/\/ffbraunau.at\/wordpress\/index.php?rest_route=\/wp\/v2\/users\/3"}],"replies":[{"embeddable":true,"href":"https:\/\/ffbraunau.at\/wordpress\/index.php?rest_route=%2Fwp%2Fv2%2Fcomments&post=100781"}],"version-history":[{"count":3,"href":"https:\/\/ffbraunau.at\/wordpress\/index.php?rest_route=\/wp\/v2\/posts\/100781\/revisions"}],"predecessor-version":[{"id":100783,"href":"https:\/\/ffbraunau.at\/wordpress\/index.php?rest_route=\/wp\/v2\/posts\/100781\/revisions\/100783"}],"wp:featuredmedia":[{"embeddable":true,"href":"https:\/\/ffbraunau.at\/wordpress\/index.php?rest_route=\/wp\/v2\/media\/100777"}],"wp:attachment":[{"href":"https:\/\/ffbraunau.at\/wordpress\/index.php?rest_route=%2Fwp%2Fv2%2Fmedia&parent=100781"}],"wp:term":[{"taxonomy":"category","embeddable":true,"href":"https:\/\/ffbraunau.at\/wordpress\/index.php?rest_route=%2Fwp%2Fv2%2Fcategories&post=100781"},{"taxonomy":"post_tag","embeddable":true,"href":"https:\/\/ffbraunau.at\/wordpress\/index.php?rest_route=%2Fwp%2Fv2%2Ftags&post=100781"}],"curies":[{"name":"wp","href":"https:\/\/api.w.org\/{rel}","templated":true}]}}