{"id":100766,"date":"2023-02-10T13:22:43","date_gmt":"2023-02-10T13:22:43","guid":{"rendered":"https:\/\/ffbraunau.at\/wordpress\/?p=100766"},"modified":"2023-02-10T13:22:43","modified_gmt":"2023-02-10T13:22:43","slug":"bezirksfeuerwehrchronik-vorgestellt-martin-pammer-geehrt","status":"publish","type":"post","link":"https:\/\/ffbraunau.at\/wordpress\/?p=100766","title":{"rendered":"Bezirksfeuerwehrchronik vorgestellt: Martin Pammer geehrt"},"content":{"rendered":"<div class=\"flex_column av_one_full  flex_column_div av-zero-column-padding first  \" style='border-radius:0px; '><section class=\"av_textblock_section \" ><div class='avia_textblock  '  ><p style=\"font-weight: 400;\"><strong>Bezirksfeuerwehrchronik vorgestellt: Martin Pammer geehrt<\/strong><\/p>\n<p style=\"font-weight: 400;\">Im Zuge der Vorstellung der Bezirksfeuerwehrchronik am Abend des 09.02.2023 im Schloss Ranshofen wurde unserem Kameraden Martin Pammer die Florianmedaille des O\u00d6 Landes-Feuerwehrverbandes in Bronze verliehen.<\/p>\n<p style=\"font-weight: 400;\">Martin Pammer ist seit 31 Jahren aktives Mitglied der Feuerwehr Braunau. W\u00e4hrend seiner Laufbahn erlangte er nicht nur \u00fcber 20 Leistungsabzeichen in diversen Stufen, sondern nahm auch erfolgreich an unz\u00e4hligen Lehrg\u00e4ngen teil. Dem nicht genug, wurde er bereits im Jahr 2017 Teil des Teams f\u00fcr die Bezirksfeuerwehrchronik. Unz\u00e4hlige Stunden an Recherche in den Archiven von Feuerwehren, Gemeinden, L\u00e4ndern und Bund legten die Grundsteine f\u00fcr ein gelungenes Werk.<\/p>\n<p style=\"font-weight: 400;\">Bei der Pr\u00e4sentation des ansehbaren Ergebnisses von 500 Seiten Feuerwehrgeschichte konnte er den gesamten Festsaal auf einen Streifzug durch das Buch mitnehmen. Man konnte seine Begeisterung f\u00fcr dieses Projekt sp\u00fcren, jeder im Saal folgte gespannt seinen Ausf\u00fchrungen.<\/p>\n<p><span style=\"font-weight: 400;\">Nach der Vorstellung des Werkes wurden die Mitglieder des Chronik-Teams geehrt. Martin Pammer konnte von Bezirks-Feuerwehrkommandant LFR Josef Kaiser und Landes-Feuerwehrkommandant-Stv. &#8211; LBDSTV Michael Hutterer die Florianmedaille des O\u00f6. LFV in Bronze entgegennehmen.<\/span><\/p>\n<p>Text &amp; Fotos: BFKDO Braunau<\/p>\n<\/div><\/section><br \/>\n<div  data-size='no scaling'  data-lightbox_size='large'  data-animation='slide'  data-ids='100762,100764,100763,100761,100760,100759,100757,100755,100754,100756'  data-video_counter='0'  data-autoplay='false'  data-bg_slider='false'  data-slide_height=''  data-handle='av_slideshow'  data-interval='5'  data-class=' '  data-css_id=''  data-scroll_down=''  data-control_layout='av-control-default'  data-custom_markup=''  data-perma_caption=''  data-autoplay_stopper=''  data-image_attachment=''  data-min_height='0px'  class='avia-slideshow avia-slideshow-1  av-control-default av-default-height-applied avia-slideshow-no scaling av_slideshow   avia-slide-slider ' ><ul class='avia-slideshow-inner' style='padding-bottom: 66.7%;'><li  class=' slide-1 ' ><div data-rel='slideshow-1' class='avia-slide-wrap'  ><img src='https:\/\/ffbraunau.at\/wordpress\/wp-content\/uploads\/2023\/02\/52679781243_bd28ea2612_o.jpg' width='1000' height='667' title='52679781243_bd28ea2612_o' alt=''   \/><\/div><\/li><li  class=' slide-2 ' ><div data-rel='slideshow-1' class='avia-slide-wrap'  ><img src='https:\/\/ffbraunau.at\/wordpress\/wp-content\/uploads\/2023\/02\/52679784588_6ff3c3bf30_o.jpg' width='1000' height='667' title='52679784588_6ff3c3bf30_o' alt=''   \/><\/div><\/li><li  class=' slide-3 ' ><div data-rel='slideshow-1' class='avia-slide-wrap'  ><img src='https:\/\/ffbraunau.at\/wordpress\/wp-content\/uploads\/2023\/02\/52679781463_dc0333211f_o.jpg' width='1000' height='667' title='52679781463_dc0333211f_o' alt=''   \/><\/div><\/li><li  class=' slide-4 ' ><div data-rel='slideshow-1' class='avia-slide-wrap'  ><img src='https:\/\/ffbraunau.at\/wordpress\/wp-content\/uploads\/2023\/02\/52679571964_6c0cb662c8_o.jpg' width='1000' height='667' title='52679571964_6c0cb662c8_o' alt=''   \/><\/div><\/li><li  class=' slide-5 ' ><div data-rel='slideshow-1' class='avia-slide-wrap'  ><img src='https:\/\/ffbraunau.at\/wordpress\/wp-content\/uploads\/2023\/02\/52679568339_87f007b7d3_o.jpg' width='1000' height='667' title='52679568339_87f007b7d3_o' alt=''   \/><\/div><\/li><li  class=' slide-6 ' ><div data-rel='slideshow-1' class='avia-slide-wrap'  ><img src='https:\/\/ffbraunau.at\/wordpress\/wp-content\/uploads\/2023\/02\/52679288691_4ff8a2c9c3_o.jpg' width='1000' height='667' title='52679288691_4ff8a2c9c3_o' alt=''   \/><\/div><\/li><li  class=' slide-7 ' ><div data-rel='slideshow-1' class='avia-slide-wrap'  ><img src='https:\/\/ffbraunau.at\/wordpress\/wp-content\/uploads\/2023\/02\/52679287336_e40976ef47_o.jpg' width='1000' height='667' title='52679287336_e40976ef47_o' alt=''   \/><\/div><\/li><li  class=' slide-8 ' ><div data-rel='slideshow-1' class='avia-slide-wrap'  ><img src='https:\/\/ffbraunau.at\/wordpress\/wp-content\/uploads\/2023\/02\/52679282901_8094e14934_o.jpg' width='1000' height='667' title='52679282901_8094e14934_o' alt=''   \/><\/div><\/li><li  class=' slide-9 ' ><div data-rel='slideshow-1' class='avia-slide-wrap'  ><img src='https:\/\/ffbraunau.at\/wordpress\/wp-content\/uploads\/2023\/02\/52678773812_1d017d4899_o.jpg' width='1000' height='667' title='52678773812_1d017d4899_o' alt=''   \/><\/div><\/li><li  class=' slide-10 ' ><div data-rel='slideshow-1' class='avia-slide-wrap'  ><img src='https:\/\/ffbraunau.at\/wordpress\/wp-content\/uploads\/2023\/02\/52679285046_e443d6e700_o.jpg' width='1000' height='667' title='52679285046_e443d6e700_o' alt=''   \/><\/div><\/li><\/ul><div class='avia-slideshow-arrows avia-slideshow-controls'><a href='#prev' class='prev-slide' aria-hidden='true' data-av_icon='\ue87c' data-av_iconfont='entypo-fontello'>Zur\u00fcck<\/a><a href='#next' class='next-slide' aria-hidden='true' data-av_icon='\ue87d' data-av_iconfont='entypo-fontello'>Weiter<\/a><\/div><div class='avia-slideshow-dots avia-slideshow-controls'><a href='#1' class='goto-slide active' >1<\/a><a href='#2' class='goto-slide ' >2<\/a><a href='#3' class='goto-slide ' >3<\/a><a href='#4' class='goto-slide ' >4<\/a><a href='#5' class='goto-slide ' >5<\/a><a href='#6' class='goto-slide ' >6<\/a><a href='#7' class='goto-slide ' >7<\/a><a href='#8' class='goto-slide ' >8<\/a><a href='#9' class='goto-slide ' >9<\/a><a href='#10' class='goto-slide ' >10<\/a><\/div><\/div><\/p><\/div>\n","protected":false},"excerpt":{"rendered":"","protected":false},"author":3,"featured_media":100762,"comment_status":"closed","ping_status":"open","sticky":false,"template":"","format":"standard","meta":{"footnotes":"","_links_to":"","_links_to_target":""},"categories":[287],"tags":[],"class_list":["post-100766","post","type-post","status-publish","format-standard","has-post-thumbnail","hentry","category-berichte-2023"],"_links":{"self":[{"href":"https:\/\/ffbraunau.at\/wordpress\/index.php?rest_route=\/wp\/v2\/posts\/100766","targetHints":{"allow":["GET"]}}],"collection":[{"href":"https:\/\/ffbraunau.at\/wordpress\/index.php?rest_route=\/wp\/v2\/posts"}],"about":[{"href":"https:\/\/ffbraunau.at\/wordpress\/index.php?rest_route=\/wp\/v2\/types\/post"}],"author":[{"embeddable":true,"href":"https:\/\/ffbraunau.at\/wordpress\/index.php?rest_route=\/wp\/v2\/users\/3"}],"replies":[{"embeddable":true,"href":"https:\/\/ffbraunau.at\/wordpress\/index.php?rest_route=%2Fwp%2Fv2%2Fcomments&post=100766"}],"version-history":[{"count":2,"href":"https:\/\/ffbraunau.at\/wordpress\/index.php?rest_route=\/wp\/v2\/posts\/100766\/revisions"}],"predecessor-version":[{"id":100768,"href":"https:\/\/ffbraunau.at\/wordpress\/index.php?rest_route=\/wp\/v2\/posts\/100766\/revisions\/100768"}],"wp:featuredmedia":[{"embeddable":true,"href":"https:\/\/ffbraunau.at\/wordpress\/index.php?rest_route=\/wp\/v2\/media\/100762"}],"wp:attachment":[{"href":"https:\/\/ffbraunau.at\/wordpress\/index.php?rest_route=%2Fwp%2Fv2%2Fmedia&parent=100766"}],"wp:term":[{"taxonomy":"category","embeddable":true,"href":"https:\/\/ffbraunau.at\/wordpress\/index.php?rest_route=%2Fwp%2Fv2%2Fcategories&post=100766"},{"taxonomy":"post_tag","embeddable":true,"href":"https:\/\/ffbraunau.at\/wordpress\/index.php?rest_route=%2Fwp%2Fv2%2Ftags&post=100766"}],"curies":[{"name":"wp","href":"https:\/\/api.w.org\/{rel}","templated":true}]}}