{"id":100709,"date":"2023-02-04T08:31:57","date_gmt":"2023-02-04T08:31:57","guid":{"rendered":"https:\/\/ffbraunau.at\/wordpress\/?p=100709"},"modified":"2023-02-05T12:32:39","modified_gmt":"2023-02-05T12:32:39","slug":"03-02-2023-jahresvollversammlung-mit-kommandowahlen","status":"publish","type":"post","link":"https:\/\/ffbraunau.at\/wordpress\/?p=100709","title":{"rendered":"03.02.2023: 157. Jahresvollversammlung mit Kommandowahlen"},"content":{"rendered":"<div class=\"flex_column av_one_full  flex_column_div av-zero-column-padding first  \" style='border-radius:0px; '><p><section class=\"av_textblock_section \" ><div class='avia_textblock  '  ><p>Am Freitag, den 03.02.2023 wurde die 157. Jahresvollversammlung der Feuerwehr der Stadt Braunau abgehalten. Zahlreiche Ehreng\u00e4ste, Unterst\u00fctzer, Freunde und Feuerwehrmitglieder folgten der Einladung.<\/p>\n<p>Kommandant ABI Klaus Litzlbauer er\u00f6ffnete die Jahresvollversammlung und gab in seinem Bericht einen Einblick, was die Feuerwehr Braunau in den vergangenen Monaten besch\u00e4ftigte, sowie einen Ausblick in die Zukunft.<\/p>\n<\/div><\/section><br \/>\n<div  data-size='no scaling'  data-lightbox_size='large'  data-animation='slide'  data-ids='100714'  data-video_counter='0'  data-autoplay='false'  data-bg_slider='false'  data-slide_height=''  data-handle='av_slideshow'  data-interval='5'  data-class=' '  data-css_id=''  data-scroll_down=''  data-control_layout='av-control-default'  data-custom_markup=''  data-perma_caption=''  data-autoplay_stopper=''  data-image_attachment=''  data-min_height='0px'  class='avia-slideshow avia-slideshow-1  av-control-default av-default-height-applied avia-slideshow-no scaling av_slideshow   avia-slide-slider ' ><ul class='avia-slideshow-inner' style='padding-bottom: 66.666666666667%;'><li  class=' av-single-slide slide-1 ' ><div data-rel='slideshow-1' class='avia-slide-wrap'  ><img src='https:\/\/ffbraunau.at\/wordpress\/wp-content\/uploads\/2023\/02\/IMG_7428.jpg' width='1500' height='1000' title='IMG_7428' alt=''   \/><\/div><\/li><\/ul><\/div><br \/>\n<section class=\"av_textblock_section \" ><div class='avia_textblock  '  ><p>Nach den Er\u00f6ffnungsworten vom Kommandanten, berichteten Schriftf\u00fchrer Dominik Wilhelm und Kassenf\u00fchrerin Gudrun Hofer aus ihren Fachbereichen.<\/p>\n<p>&#8222;Bei den <strong>360 Eins\u00e4tzen<\/strong> der Feuerwehr Braunau wurden <strong>53 Menschen, 29 Tiere<\/strong> und <strong>Sachwerte um gesch\u00e4tzte 40 Mio. Euro<\/strong> gerettet.&#8220;, informiert der Schriftf\u00fchrer.<\/p>\n<\/div><\/section><br \/>\n<div  data-size='no scaling'  data-lightbox_size='large'  data-animation='slide'  data-ids='100716,100717'  data-video_counter='0'  data-autoplay='false'  data-bg_slider='false'  data-slide_height=''  data-handle='av_slideshow'  data-interval='5'  data-class=' '  data-css_id=''  data-scroll_down=''  data-control_layout='av-control-default'  data-custom_markup=''  data-perma_caption=''  data-autoplay_stopper=''  data-image_attachment=''  data-min_height='0px'  class='avia-slideshow avia-slideshow-2  av-control-default av-default-height-applied avia-slideshow-no scaling av_slideshow   avia-slide-slider ' ><ul class='avia-slideshow-inner' style='padding-bottom: 66.666666666667%;'><li  class=' slide-1 ' ><div data-rel='slideshow-2' class='avia-slide-wrap'  ><img src='https:\/\/ffbraunau.at\/wordpress\/wp-content\/uploads\/2023\/02\/IMG_7454.jpg' width='1500' height='1000' title='IMG_7454' alt=''   \/><\/div><\/li><li  class=' slide-2 ' ><div data-rel='slideshow-2' class='avia-slide-wrap'  ><img src='https:\/\/ffbraunau.at\/wordpress\/wp-content\/uploads\/2023\/02\/IMG_7456.jpg' width='1500' height='1000' title='IMG_7456' alt=''   \/><\/div><\/li><\/ul><div class='avia-slideshow-arrows avia-slideshow-controls'><a href='#prev' class='prev-slide' aria-hidden='true' data-av_icon='\ue87c' data-av_iconfont='entypo-fontello'>Zur\u00fcck<\/a><a href='#next' class='next-slide' aria-hidden='true' data-av_icon='\ue87d' data-av_iconfont='entypo-fontello'>Weiter<\/a><\/div><div class='avia-slideshow-dots avia-slideshow-controls'><a href='#1' class='goto-slide active' >1<\/a><a href='#2' class='goto-slide ' >2<\/a><\/div><\/div><br \/>\n<section class=\"av_textblock_section \" ><div class='avia_textblock  '  ><p>Das Jahr 2023 ist bei den Feuerwehren ein Wahljahr. Alle 5 Jahre wird das Kommando neu gew\u00e4hlt. Unter der Leitung von B\u00fcrgermeister Mag. Johannes Waidbacher, sowie Mitarbeiterinnen des Stadtamtes wurde die Wahl durchgef\u00fchrt.<\/p>\n<\/div><\/section><br \/>\n<div  data-size='no scaling'  data-lightbox_size='large'  data-animation='slide'  data-ids='100720'  data-video_counter='0'  data-autoplay='false'  data-bg_slider='false'  data-slide_height=''  data-handle='av_slideshow'  data-interval='5'  data-class=' '  data-css_id=''  data-scroll_down=''  data-control_layout='av-control-default'  data-custom_markup=''  data-perma_caption=''  data-autoplay_stopper=''  data-image_attachment=''  data-min_height='0px'  class='avia-slideshow avia-slideshow-3  av-control-default av-default-height-applied avia-slideshow-no scaling av_slideshow   avia-slide-slider ' ><ul class='avia-slideshow-inner' style='padding-bottom: 66.666666666667%;'><li  class=' av-single-slide slide-1 ' ><div data-rel='slideshow-3' class='avia-slide-wrap'  ><img src='https:\/\/ffbraunau.at\/wordpress\/wp-content\/uploads\/2023\/02\/IMG_7463.jpg' width='1500' height='1000' title='IMG_7463' alt=''   \/><\/div><\/li><\/ul><\/div><br \/>\n<section class=\"av_textblock_section \" ><div class='avia_textblock  '  ><p>Die Ergebnisse der Wahl wurden durch B\u00fcrgermeister Mag. Johannes Waidbacher pr\u00e4sentiert. Die Funktionen verteilen sich wie folgt:<\/p>\n<p>Kommandant:\u00a0Klaus Litzlbauer<br \/>\n1. Kdt.-Stellvertreter:\u00a0Marco Ofenmacher<br \/>\n2. Kdt.-Stellvertreter:\u00a0Daniel Spindler<br \/>\nSchriftf\u00fchrer:\u00a0Dominik Wilhelm<br \/>\nKassier:\u00a0Gudrun Hofer<\/p>\n<p>Alle gew\u00e4hlten Funktion\u00e4re badankten sich f\u00fcr das Vertrauen\u00a0und nahmen die Wahl an.<\/p>\n<p>Das erweiterte Kommando setzt sich wie folgt zusammen:<\/p>\n<p>Ger\u00e4tewart:\u00a0Winfried Santner<br \/>\nZugskommandant 1. Zug:\u00a0Richard Rossmaier<br \/>\nZugskommandant 2. Zug:\u00a0Sven Gl\u00fcck<br \/>\nZugskommandant 3. Zug:\u00a0Alexander Steinh\u00f6gl<br \/>\nZugskommandant 4. Zug:\u00a0Dominik Dorfner<br \/>\nJugendbetreuerin:\u00a0Gabriele Schmid<br \/>\nGruppenkommandanten 1. Zug: Alexander Daichendt und Gerald Mayer<br \/>\nGruppenkommandant 2. Zug: Rolf Grundbuchner<br \/>\nGruppenkommandant 3. Zug: Sebastian Schmid<br \/>\nGruppenkommandanten 4. Zug: Martin Oberndorfer und Harald Gr\u00f6mer<br \/>\nMannschaftsvertreter: Anna Hill, Markus Streif und Gerhard Winhardt<\/p>\n<\/div><\/section><br \/>\n<div  data-size='no scaling'  data-lightbox_size='large'  data-animation='slide'  data-ids='100719,100730,100731,100723'  data-video_counter='0'  data-autoplay='false'  data-bg_slider='false'  data-slide_height=''  data-handle='av_slideshow'  data-interval='5'  data-class=' '  data-css_id=''  data-scroll_down=''  data-control_layout='av-control-default'  data-custom_markup=''  data-perma_caption=''  data-autoplay_stopper=''  data-image_attachment=''  data-min_height='0px'  class='avia-slideshow avia-slideshow-4  av-control-default av-default-height-applied avia-slideshow-no scaling av_slideshow   avia-slide-slider ' ><ul class='avia-slideshow-inner' style='padding-bottom: 66.666666666667%;'><li  class=' slide-1 ' ><div data-rel='slideshow-4' class='avia-slide-wrap'  ><img src='https:\/\/ffbraunau.at\/wordpress\/wp-content\/uploads\/2023\/02\/IMG_7462.jpg' width='1500' height='1000' title='IMG_7462' alt=''   \/><\/div><\/li><li  class=' slide-2 ' ><div data-rel='slideshow-4' class='avia-slide-wrap'  ><img src='https:\/\/ffbraunau.at\/wordpress\/wp-content\/uploads\/2023\/02\/IMG_7552.jpg' width='1500' height='1000' title='IMG_7552' alt=''   \/><\/div><\/li><li  class=' slide-3 ' ><div data-rel='slideshow-4' class='avia-slide-wrap'  ><img src='https:\/\/ffbraunau.at\/wordpress\/wp-content\/uploads\/2023\/02\/IMG_7553.jpg' width='1500' height='1000' title='IMG_7553' alt=''   \/><\/div><\/li><li  class=' slide-4 ' ><div data-rel='slideshow-4' class='avia-slide-wrap'  ><img src='https:\/\/ffbraunau.at\/wordpress\/wp-content\/uploads\/2023\/02\/IMG_7495.jpg' width='1500' height='1000' title='IMG_7495' alt=''   \/><\/div><\/li><\/ul><div class='avia-slideshow-arrows avia-slideshow-controls'><a href='#prev' class='prev-slide' aria-hidden='true' data-av_icon='\ue87c' data-av_iconfont='entypo-fontello'>Zur\u00fcck<\/a><a href='#next' class='next-slide' aria-hidden='true' data-av_icon='\ue87d' data-av_iconfont='entypo-fontello'>Weiter<\/a><\/div><div class='avia-slideshow-dots avia-slideshow-controls'><a href='#1' class='goto-slide active' >1<\/a><a href='#2' class='goto-slide ' >2<\/a><a href='#3' class='goto-slide ' >3<\/a><a href='#4' class='goto-slide ' >4<\/a><\/div><\/div><br \/>\n<section class=\"av_textblock_section \" ><div class='avia_textblock  '  ><p>Nachdem die Wahl geschlagen war, wurden die Angelobungen in die Jugend und in den Aktivstand durchgef\u00fchrt.<\/p>\n<p><u>F\u00fcr die Jugendgruppe wurden folgende Jugendfeuerwehr-Mitglieder angelobt:<\/u><\/p>\n<p><u><\/u>Lukas Aigner, David Gaisb\u00f6ck, Leonie H\u00f6hfurtner, Levin Sporer und Lena Watzka<\/p>\n<p><u>F\u00fcr den aktiven Feuerwehrdienst wurden angelobt:<\/u><\/p>\n<p><u><\/u>Konstantin Bandat und Mohammad Samir Hassan<\/p>\n<\/div><\/section><br \/>\n<div  data-size='no scaling'  data-lightbox_size='large'  data-animation='slide'  data-ids='100721,100722'  data-video_counter='0'  data-autoplay='false'  data-bg_slider='false'  data-slide_height=''  data-handle='av_slideshow'  data-interval='5'  data-class=' '  data-css_id=''  data-scroll_down=''  data-control_layout='av-control-default'  data-custom_markup=''  data-perma_caption=''  data-autoplay_stopper=''  data-image_attachment=''  data-min_height='0px'  class='avia-slideshow avia-slideshow-5  av-control-default av-default-height-applied avia-slideshow-no scaling av_slideshow   avia-slide-slider ' ><ul class='avia-slideshow-inner' style='padding-bottom: 66.666666666667%;'><li  class=' slide-1 ' ><div data-rel='slideshow-5' class='avia-slide-wrap'  ><img src='https:\/\/ffbraunau.at\/wordpress\/wp-content\/uploads\/2023\/02\/IMG_7474.jpg' width='1500' height='1000' title='IMG_7474' alt=''   \/><\/div><\/li><li  class=' slide-2 ' ><div data-rel='slideshow-5' class='avia-slide-wrap'  ><img src='https:\/\/ffbraunau.at\/wordpress\/wp-content\/uploads\/2023\/02\/IMG_7478.jpg' width='1500' height='1000' title='IMG_7478' alt=''   \/><\/div><\/li><\/ul><div class='avia-slideshow-arrows avia-slideshow-controls'><a href='#prev' class='prev-slide' aria-hidden='true' data-av_icon='\ue87c' data-av_iconfont='entypo-fontello'>Zur\u00fcck<\/a><a href='#next' class='next-slide' aria-hidden='true' data-av_icon='\ue87d' data-av_iconfont='entypo-fontello'>Weiter<\/a><\/div><div class='avia-slideshow-dots avia-slideshow-controls'><a href='#1' class='goto-slide active' >1<\/a><a href='#2' class='goto-slide ' >2<\/a><\/div><\/div><br \/>\n<section class=\"av_textblock_section \" ><div class='avia_textblock  '  ><p>Neben den Angelobungen wurden auch Bef\u00f6rderungen, sowie Ehrungen und Auszeichnungen durchgef\u00fchrt.<\/p>\n<p><u>Bef\u00f6rderungen:<\/u><\/p>\n<p><u><\/u>Zum Feuerwehrmann:<br \/>\nMohammad Samir Hassan und Hannah Treiblmaier<\/p>\n<p>Zum Oberfeuerwehrmann:<br \/>\nBenedikt Berschl, Manuel David, Lukas Glatter, Daniel K\u00e4mmerer, Stefan Sauerlachner und Florian Treiblmaier<\/p>\n<p>Zum Hauptfeuerwehrmann:<br \/>\nGerhard Winhardt<\/p>\n<p>Zum Oberl\u00f6schmeister:<br \/>\nGabriele Schmid<\/p>\n<p>Zum Hauptl\u00f6schmeister:<br \/>\nPatrick Wurhofer<\/p>\n<p>Zum Brandmeister:<br \/>\nChristian David<\/p>\n<p>Zum Oberbrandmeister:<br \/>\nMichael Lindner und Klaus Prighel<\/p>\n<p><span style=\"text-decoration: underline;\">Ehrungen und Auszeichnungen:<\/span><\/p>\n<p>Die Feuerwehr-Verdienstmedaille in Bronze erhielten Anna Hill und Gabriel Wong.<\/p>\n<p>Gudrun Hofer und Gabriele Schmid erhielten die Feuerwehr-Verdienstmedaille in Silber.<\/p>\n<p>F\u00fcr 25 Jahre Feuerwehrdienst wurden Marco Ofenmacher, Richard Rossmaier und Alexander Steinh\u00f6gl geehrt.<\/p>\n<p>F\u00fcr 40 Jahre Feuerwehrdienst wurden Stefan Hofer, Ralph Lindner, Johann Schubert und Thomas Treiblmaier geehrt.<\/p>\n<p>Paul Reiter wurde f\u00fcr 50 Jahre Feuerwehrdienst geehrt und Jakob Weilpoltshammer erhielt die 60 j\u00e4hrige Ehrenurkunde.<\/p>\n<p>Winfried Santner erhielt den goldenen Ehrenring der Feuerwehr Braunau.<\/p>\n<\/div><\/section><br \/>\n<div  data-size='no scaling'  data-lightbox_size='large'  data-animation='slide'  data-ids='100727,100726,100725'  data-video_counter='0'  data-autoplay='false'  data-bg_slider='false'  data-slide_height=''  data-handle='av_slideshow'  data-interval='5'  data-class=' '  data-css_id=''  data-scroll_down=''  data-control_layout='av-control-default'  data-custom_markup=''  data-perma_caption=''  data-autoplay_stopper=''  data-image_attachment=''  data-min_height='0px'  class='avia-slideshow avia-slideshow-6  av-control-default av-default-height-applied avia-slideshow-no scaling av_slideshow   avia-slide-slider ' ><ul class='avia-slideshow-inner' style='padding-bottom: 66.666666666667%;'><li  class=' slide-1 ' ><div data-rel='slideshow-6' class='avia-slide-wrap'  ><img src='https:\/\/ffbraunau.at\/wordpress\/wp-content\/uploads\/2023\/02\/IMG_7532.jpg' width='1500' height='1000' title='IMG_7532' alt=''   \/><\/div><\/li><li  class=' slide-2 ' ><div data-rel='slideshow-6' class='avia-slide-wrap'  ><img src='https:\/\/ffbraunau.at\/wordpress\/wp-content\/uploads\/2023\/02\/IMG_7528.jpg' width='1500' height='1000' title='IMG_7528' alt=''   \/><\/div><\/li><li  class=' slide-3 ' ><div data-rel='slideshow-6' class='avia-slide-wrap'  ><img src='https:\/\/ffbraunau.at\/wordpress\/wp-content\/uploads\/2023\/02\/IMG_7517.jpg' width='1500' height='1000' title='IMG_7517' alt=''   \/><\/div><\/li><\/ul><div class='avia-slideshow-arrows avia-slideshow-controls'><a href='#prev' class='prev-slide' aria-hidden='true' data-av_icon='\ue87c' data-av_iconfont='entypo-fontello'>Zur\u00fcck<\/a><a href='#next' class='next-slide' aria-hidden='true' data-av_icon='\ue87d' data-av_iconfont='entypo-fontello'>Weiter<\/a><\/div><div class='avia-slideshow-dots avia-slideshow-controls'><a href='#1' class='goto-slide active' >1<\/a><a href='#2' class='goto-slide ' >2<\/a><a href='#3' class='goto-slide ' >3<\/a><\/div><\/div><br \/>\n<section class=\"av_textblock_section \" ><div class='avia_textblock  '  ><p>In seinen Schlussworten dankte Kommandant Klaus Litzlbauer seiner Mannschaft f\u00fcr die erbrachten Leistungen im abgelaufenen Jahr.<\/p>\n<p>Der Stadtgemeinde und im Besonderen Herrn B\u00fcrgermeister\u00a0Mag. Johannes Waidbacher dankte er f\u00fcr die gute Zusammenarbeit.<\/p>\n<p>Abschlie\u00dfend bedankten sich B\u00fcrgermeister Mag. Johannes Waidbacher und Bezirks-Feuerwehrkommandant Josef Kaiser in ihren Kurzreferaten f\u00fcr die gute Zusammenarbeit und w\u00fcnschten dem neu gew\u00e4hlten Kommando\u00a0alles Gute f\u00fcr die neue Funktionsperiode.<\/p>\n<p>Die Jugendgruppe nutzte den Tagesordnungspunkt &#8222;Allf\u00e4lliges&#8220; und verabschiedete den langj\u00e4hrigen Jugendbetreuer Walter Landerdinger.<\/p>\n<p>Text: Alexander Steinh\u00f6gl<br \/>\nFotos: Feuerwehr Braunau<\/p>\n<\/div><\/section><br \/>\n<div  data-size='no scaling'  data-lightbox_size='large'  data-animation='slide'  data-ids='100728,100719,100715,100729'  data-video_counter='0'  data-autoplay='false'  data-bg_slider='false'  data-slide_height=''  data-handle='av_slideshow'  data-interval='5'  data-class=' '  data-css_id=''  data-scroll_down=''  data-control_layout='av-control-default'  data-custom_markup=''  data-perma_caption=''  data-autoplay_stopper=''  data-image_attachment=''  data-min_height='0px'  class='avia-slideshow avia-slideshow-7  av-control-default av-default-height-applied avia-slideshow-no scaling av_slideshow   avia-slide-slider ' ><ul class='avia-slideshow-inner' style='padding-bottom: 66.666666666667%;'><li  class=' slide-1 ' ><div data-rel='slideshow-7' class='avia-slide-wrap'  ><img src='https:\/\/ffbraunau.at\/wordpress\/wp-content\/uploads\/2023\/02\/IMG_7537.jpg' width='1500' height='1000' title='IMG_7537' alt=''   \/><\/div><\/li><li  class=' slide-2 ' ><div data-rel='slideshow-7' class='avia-slide-wrap'  ><img src='https:\/\/ffbraunau.at\/wordpress\/wp-content\/uploads\/2023\/02\/IMG_7462.jpg' width='1500' height='1000' title='IMG_7462' alt=''   \/><\/div><\/li><li  class=' slide-3 ' ><div data-rel='slideshow-7' class='avia-slide-wrap'  ><img src='https:\/\/ffbraunau.at\/wordpress\/wp-content\/uploads\/2023\/02\/IMG_7446.jpg' width='1500' height='1000' title='IMG_7446' alt=''   \/><\/div><\/li><li  class=' slide-4 ' ><div data-rel='slideshow-7' class='avia-slide-wrap'  ><img src='https:\/\/ffbraunau.at\/wordpress\/wp-content\/uploads\/2023\/02\/IMG_7545.jpg' width='1500' height='1006' title='IMG_7545' alt=''   \/><\/div><\/li><\/ul><div class='avia-slideshow-arrows avia-slideshow-controls'><a href='#prev' class='prev-slide' aria-hidden='true' data-av_icon='\ue87c' data-av_iconfont='entypo-fontello'>Zur\u00fcck<\/a><a href='#next' class='next-slide' aria-hidden='true' data-av_icon='\ue87d' data-av_iconfont='entypo-fontello'>Weiter<\/a><\/div><div class='avia-slideshow-dots avia-slideshow-controls'><a href='#1' class='goto-slide active' >1<\/a><a href='#2' class='goto-slide ' >2<\/a><a href='#3' class='goto-slide ' >3<\/a><a href='#4' class='goto-slide ' >4<\/a><\/div><\/div><\/p><\/div>\n","protected":false},"excerpt":{"rendered":"","protected":false},"author":3,"featured_media":100730,"comment_status":"closed","ping_status":"open","sticky":false,"template":"","format":"standard","meta":{"footnotes":"","_links_to":"","_links_to_target":""},"categories":[287],"tags":[],"class_list":["post-100709","post","type-post","status-publish","format-standard","has-post-thumbnail","hentry","category-berichte-2023"],"_links":{"self":[{"href":"https:\/\/ffbraunau.at\/wordpress\/index.php?rest_route=\/wp\/v2\/posts\/100709","targetHints":{"allow":["GET"]}}],"collection":[{"href":"https:\/\/ffbraunau.at\/wordpress\/index.php?rest_route=\/wp\/v2\/posts"}],"about":[{"href":"https:\/\/ffbraunau.at\/wordpress\/index.php?rest_route=\/wp\/v2\/types\/post"}],"author":[{"embeddable":true,"href":"https:\/\/ffbraunau.at\/wordpress\/index.php?rest_route=\/wp\/v2\/users\/3"}],"replies":[{"embeddable":true,"href":"https:\/\/ffbraunau.at\/wordpress\/index.php?rest_route=%2Fwp%2Fv2%2Fcomments&post=100709"}],"version-history":[{"count":22,"href":"https:\/\/ffbraunau.at\/wordpress\/index.php?rest_route=\/wp\/v2\/posts\/100709\/revisions"}],"predecessor-version":[{"id":100750,"href":"https:\/\/ffbraunau.at\/wordpress\/index.php?rest_route=\/wp\/v2\/posts\/100709\/revisions\/100750"}],"wp:featuredmedia":[{"embeddable":true,"href":"https:\/\/ffbraunau.at\/wordpress\/index.php?rest_route=\/wp\/v2\/media\/100730"}],"wp:attachment":[{"href":"https:\/\/ffbraunau.at\/wordpress\/index.php?rest_route=%2Fwp%2Fv2%2Fmedia&parent=100709"}],"wp:term":[{"taxonomy":"category","embeddable":true,"href":"https:\/\/ffbraunau.at\/wordpress\/index.php?rest_route=%2Fwp%2Fv2%2Fcategories&post=100709"},{"taxonomy":"post_tag","embeddable":true,"href":"https:\/\/ffbraunau.at\/wordpress\/index.php?rest_route=%2Fwp%2Fv2%2Ftags&post=100709"}],"curies":[{"name":"wp","href":"https:\/\/api.w.org\/{rel}","templated":true}]}}