{"id":100618,"date":"2023-01-13T17:31:32","date_gmt":"2023-01-13T17:31:32","guid":{"rendered":"https:\/\/ffbraunau.at\/wordpress\/?p=100618"},"modified":"2023-01-13T17:47:15","modified_gmt":"2023-01-13T17:47:15","slug":"100618","status":"publish","type":"post","link":"https:\/\/ffbraunau.at\/wordpress\/?p=100618","title":{"rendered":"13.01.2023: Technischer Einsatz klein &#8211; Baum \u00fcber Stra\u00dfe"},"content":{"rendered":"<div class=\"flex_column av_one_full  flex_column_div av-zero-column-padding first  \" style='border-radius:0px; '><section class=\"av_textblock_section \" ><div class='avia_textblock  '  ><table style=\"border: 0px none;\">\n<tbody>\n<tr style=\"line-height: 12px; height: 24px;\">\n<td style=\"width: 20%; background: #303030; color: #ffffff; font-weight: bold; border: 0px none; height: 24px;\" align=\"right\">Stichwort:<\/td>\n<td style=\"background: #303030; color: #ffffff; border: 0px none; height: 24px;\">TECHNISCHER EINSATZ KLEIN<\/td>\n<\/tr>\n<tr style=\"line-height: 12px; height: 12px;\">\n<td style=\"color: #303030; font-weight: bold; border: 0px none; height: 12px;\" align=\"right\">Alarmstufe:<\/td>\n<td style=\"color: #303030; border: 0px none; height: 12px;\">1<\/td>\n<\/tr>\n<tr style=\"line-height: 12px; height: 12px;\">\n<td style=\"background: #303030; color: #ffffff; font-weight: bold; border: 0px none; height: 12px;\" align=\"right\">Ort:<\/td>\n<td style=\"background: #303030; color: #ffffff; border: 0px none; height: 12px;\">Uferstra\u00dfe<\/td>\n<\/tr>\n<tr style=\"line-height: 12px; height: 12px;\">\n<td style=\"color: #303030; font-weight: bold; border: 0px none; height: 12px;\" align=\"right\">Datum:<\/td>\n<td style=\"color: #303030; border: 0px none; height: 12px;\">Fr., 13.01.2023 17:02 &#8211; 17:47<\/td>\n<\/tr>\n<tr style=\"line-height: 12px; height: 12px;\">\n<td style=\"background: #303030; color: #ffffff; font-weight: bold; border: 0px none; height: 12px;\" align=\"right\">Dauer:<\/td>\n<td style=\"background: #303030; color: #ffffff; border: 0px none; height: 12px;\">45 Minuten<\/td>\n<\/tr>\n<tr style=\"line-height: 12px; height: 12px;\">\n<td style=\"color: #303030; font-weight: bold; border: 0px none; height: 12px;\" align=\"right\">Alarmierung:<\/td>\n<td style=\"color: #303030; border: 0px none; height: 12px;\">Landeswarnzentrale O\u00d6<\/td>\n<\/tr>\n<tr style=\"line-height: 12px; height: 12px;\">\n<td style=\"background: #303030; color: #ffffff; font-weight: bold; border: 0px none; height: 12px;\" align=\"right\">Art:<\/td>\n<td style=\"background: #303030; color: #ffffff; border: 0px none; height: 12px;\">Technischer Einsatz<\/td>\n<\/tr>\n<tr style=\"line-height: 12px; height: 12px;\">\n<td style=\"color: #303030; font-weight: bold; border: 0px none; height: 12px;\" align=\"right\">Mannst\u00e4rke:<\/td>\n<td style=\"color: #303030; border: 0px none; height: 12px;\">16 Mann<\/td>\n<\/tr>\n<tr style=\"line-height: 12px; height: 12px;\">\n<td style=\"background: #303030; color: #ffffff; font-weight: bold; border: 0px none; height: 12px;\" align=\"right\">Fahrzeuge:<\/td>\n<td style=\"background: #303030; color: #ffffff; border: 0px none; height: 12px;\">TANK 2, DLK<\/td>\n<\/tr>\n<tr style=\"line-height: 12px; height: 12px;\">\n<td style=\"color: #303030; font-weight: bold; border: 0px none; height: 12px;\" align=\"right\">Feuerwehren:<\/td>\n<td style=\"color: #303030; border: 0px none; height: 12px;\">Braunau am Inn<\/td>\n<\/tr>\n<\/tbody>\n<\/table>\n<table style=\"border: 0;\">\n<tbody>\n<tr style=\"line-height: 12px;\">\n<td style=\"background: #303030; color: #ffffff; font-weight: bold; border: 0; width: 100%;\" align=\"left\">Beschreibung:<\/td>\n<\/tr>\n<\/tbody>\n<\/table>\n<table style=\"border: 0px none; width: 83.961969%; height: 24px;\">\n<tbody>\n<tr style=\"line-height: 12px; height: 24px;\">\n<td style=\"color: #303030; border: 0px none; height: 24px;\" align=\"left\">&#8222;Baum \u00fcber Stra\u00dfe&#8220; lautete die Alarmierung f\u00fcr die Feuerwehr Braunau.<\/p>\n<p>Aufgrund einer starken Windb\u00f6e knickte ein Baum ab und blockierte die Uferstra\u00dfe.<\/p>\n<p>Die Mannschaft sicherte die Einsatzstelle ab, zerteilte den Baum mit der Motors\u00e4ge und entfernte ihn.<\/p>\n<p>Text: Alexander Steinh\u00f6gl<br \/>\nFotos: Feuerwehr Braunau<\/td>\n<\/tr>\n<\/tbody>\n<\/table>\n<\/div><\/section><br \/>\n<div  data-size='no scaling'  data-lightbox_size='large'  data-animation='slide'  data-ids='100623,100624,100625,100626'  data-video_counter='0'  data-autoplay='false'  data-bg_slider='false'  data-slide_height=''  data-handle='av_slideshow'  data-interval='5'  data-class=' '  data-css_id=''  data-scroll_down=''  data-control_layout='av-control-default'  data-custom_markup=''  data-perma_caption=''  data-autoplay_stopper=''  data-image_attachment=''  data-min_height='0px'  class='avia-slideshow avia-slideshow-1  av-control-default av-default-height-applied avia-slideshow-no scaling av_slideshow   avia-slide-slider ' ><ul class='avia-slideshow-inner' style='padding-bottom: 75%;'><li  class=' slide-1 ' ><div data-rel='slideshow-1' class='avia-slide-wrap'  ><img src='https:\/\/ffbraunau.at\/wordpress\/wp-content\/uploads\/2023\/01\/01_b.jpg' width='1000' height='750' title='01_b' alt=''   \/><\/div><\/li><li  class=' slide-2 ' ><div data-rel='slideshow-1' class='avia-slide-wrap'  ><img src='https:\/\/ffbraunau.at\/wordpress\/wp-content\/uploads\/2023\/01\/02_b.jpg' width='1000' height='750' title='02_b' alt=''   \/><\/div><\/li><li  class=' slide-3 ' ><div data-rel='slideshow-1' class='avia-slide-wrap'  ><img src='https:\/\/ffbraunau.at\/wordpress\/wp-content\/uploads\/2023\/01\/04_b.jpg' width='1000' height='750' title='04_b' alt=''   \/><\/div><\/li><li  class=' slide-4 ' ><div data-rel='slideshow-1' class='avia-slide-wrap'  ><img src='https:\/\/ffbraunau.at\/wordpress\/wp-content\/uploads\/2023\/01\/05_b.jpg' width='1000' height='750' title='05_b' alt=''   \/><\/div><\/li><\/ul><div class='avia-slideshow-arrows avia-slideshow-controls'><a href='#prev' class='prev-slide' aria-hidden='true' data-av_icon='\ue87c' data-av_iconfont='entypo-fontello'>Zur\u00fcck<\/a><a href='#next' class='next-slide' aria-hidden='true' data-av_icon='\ue87d' data-av_iconfont='entypo-fontello'>Weiter<\/a><\/div><div class='avia-slideshow-dots avia-slideshow-controls'><a href='#1' class='goto-slide active' >1<\/a><a href='#2' class='goto-slide ' >2<\/a><a href='#3' class='goto-slide ' >3<\/a><a href='#4' class='goto-slide ' >4<\/a><\/div><\/div><\/p><\/div>\n","protected":false},"excerpt":{"rendered":"","protected":false},"author":3,"featured_media":100624,"comment_status":"closed","ping_status":"open","sticky":false,"template":"","format":"standard","meta":{"footnotes":"","_links_to":"","_links_to_target":""},"categories":[288],"tags":[],"class_list":["post-100618","post","type-post","status-publish","format-standard","has-post-thumbnail","hentry","category-einsaetze-2023"],"_links":{"self":[{"href":"https:\/\/ffbraunau.at\/wordpress\/index.php?rest_route=\/wp\/v2\/posts\/100618","targetHints":{"allow":["GET"]}}],"collection":[{"href":"https:\/\/ffbraunau.at\/wordpress\/index.php?rest_route=\/wp\/v2\/posts"}],"about":[{"href":"https:\/\/ffbraunau.at\/wordpress\/index.php?rest_route=\/wp\/v2\/types\/post"}],"author":[{"embeddable":true,"href":"https:\/\/ffbraunau.at\/wordpress\/index.php?rest_route=\/wp\/v2\/users\/3"}],"replies":[{"embeddable":true,"href":"https:\/\/ffbraunau.at\/wordpress\/index.php?rest_route=%2Fwp%2Fv2%2Fcomments&post=100618"}],"version-history":[{"count":5,"href":"https:\/\/ffbraunau.at\/wordpress\/index.php?rest_route=\/wp\/v2\/posts\/100618\/revisions"}],"predecessor-version":[{"id":100634,"href":"https:\/\/ffbraunau.at\/wordpress\/index.php?rest_route=\/wp\/v2\/posts\/100618\/revisions\/100634"}],"wp:featuredmedia":[{"embeddable":true,"href":"https:\/\/ffbraunau.at\/wordpress\/index.php?rest_route=\/wp\/v2\/media\/100624"}],"wp:attachment":[{"href":"https:\/\/ffbraunau.at\/wordpress\/index.php?rest_route=%2Fwp%2Fv2%2Fmedia&parent=100618"}],"wp:term":[{"taxonomy":"category","embeddable":true,"href":"https:\/\/ffbraunau.at\/wordpress\/index.php?rest_route=%2Fwp%2Fv2%2Fcategories&post=100618"},{"taxonomy":"post_tag","embeddable":true,"href":"https:\/\/ffbraunau.at\/wordpress\/index.php?rest_route=%2Fwp%2Fv2%2Ftags&post=100618"}],"curies":[{"name":"wp","href":"https:\/\/api.w.org\/{rel}","templated":true}]}}