{"id":100432,"date":"2022-12-26T08:56:07","date_gmt":"2022-12-26T08:56:07","guid":{"rendered":"https:\/\/ffbraunau.at\/wordpress\/?p=100432"},"modified":"2022-12-26T08:59:32","modified_gmt":"2022-12-26T08:59:32","slug":"26-12-2022-rueckblick-2022","status":"publish","type":"post","link":"https:\/\/ffbraunau.at\/wordpress\/?p=100432","title":{"rendered":"26.12.2022: R\u00fcckblick 2022"},"content":{"rendered":"<div class=\"flex_column av_one_full  flex_column_div av-zero-column-padding first  \" style='border-radius:0px; '><p><section class=\"av_textblock_section \" ><div class='avia_textblock  '  ><p>Das Jahresende naht&#8230; Aus diesem Grund blicken wir zur\u00fcck auf die Eins\u00e4tze, \u00dcbungen und kameradschaftlichen Ereignisse der vergangenen Monate.<\/p>\n<p>Text &amp; Video: Alexander Steinh\u00f6gl<br \/>\nFotos im Video: Feuerwehr Braunau<\/p>\n<\/div><\/section><br \/>\n<div  class='avia-video avia-video-16-9   ' ><div class='avia-iframe-wrap'><iframe loading=\"lazy\" title=\"R\u00fcckblick 2022\" width=\"1500\" height=\"844\" src=\"https:\/\/www.youtube.com\/embed\/5hX86t8v_rY?feature=oembed\" frameborder=\"0\" allow=\"accelerometer; autoplay; clipboard-write; encrypted-media; gyroscope; picture-in-picture\" allowfullscreen><\/iframe><\/div><\/div><\/p><\/div>\n","protected":false},"excerpt":{"rendered":"","protected":false},"author":3,"featured_media":8817,"comment_status":"closed","ping_status":"open","sticky":false,"template":"","format":"standard","meta":{"footnotes":"","_links_to":"","_links_to_target":""},"categories":[1,283],"tags":[],"class_list":["post-100432","post","type-post","status-publish","format-standard","has-post-thumbnail","hentry","category-allgemein","category-berichte-2022"],"_links":{"self":[{"href":"https:\/\/ffbraunau.at\/wordpress\/index.php?rest_route=\/wp\/v2\/posts\/100432","targetHints":{"allow":["GET"]}}],"collection":[{"href":"https:\/\/ffbraunau.at\/wordpress\/index.php?rest_route=\/wp\/v2\/posts"}],"about":[{"href":"https:\/\/ffbraunau.at\/wordpress\/index.php?rest_route=\/wp\/v2\/types\/post"}],"author":[{"embeddable":true,"href":"https:\/\/ffbraunau.at\/wordpress\/index.php?rest_route=\/wp\/v2\/users\/3"}],"replies":[{"embeddable":true,"href":"https:\/\/ffbraunau.at\/wordpress\/index.php?rest_route=%2Fwp%2Fv2%2Fcomments&post=100432"}],"version-history":[{"count":2,"href":"https:\/\/ffbraunau.at\/wordpress\/index.php?rest_route=\/wp\/v2\/posts\/100432\/revisions"}],"predecessor-version":[{"id":100434,"href":"https:\/\/ffbraunau.at\/wordpress\/index.php?rest_route=\/wp\/v2\/posts\/100432\/revisions\/100434"}],"wp:featuredmedia":[{"embeddable":true,"href":"https:\/\/ffbraunau.at\/wordpress\/index.php?rest_route=\/wp\/v2\/media\/8817"}],"wp:attachment":[{"href":"https:\/\/ffbraunau.at\/wordpress\/index.php?rest_route=%2Fwp%2Fv2%2Fmedia&parent=100432"}],"wp:term":[{"taxonomy":"category","embeddable":true,"href":"https:\/\/ffbraunau.at\/wordpress\/index.php?rest_route=%2Fwp%2Fv2%2Fcategories&post=100432"},{"taxonomy":"post_tag","embeddable":true,"href":"https:\/\/ffbraunau.at\/wordpress\/index.php?rest_route=%2Fwp%2Fv2%2Ftags&post=100432"}],"curies":[{"name":"wp","href":"https:\/\/api.w.org\/{rel}","templated":true}]}}